{"id":3867,"date":"2012-09-20T10:31:48","date_gmt":"2012-09-20T08:31:48","guid":{"rendered":"http:\/\/www.manologarciaycia.com\/?p=3867"},"modified":"2012-09-20T10:31:48","modified_gmt":"2012-09-20T08:31:48","slug":"mg-el-festival-de-la-luz-arranca-este-sabado-sin-manolo-garcia","status":"publish","type":"post","link":"https:\/\/www.manologarciaycia.com\/?p=3867","title":{"rendered":"MG: El Festival de la Luz arranca este s\u00e1bado sin Manolo Garc\u00eda"},"content":{"rendered":"<p>El Festival de la Luz, que se celebra los d\u00edas 22 y 23 de septiembre en la casa natal de Luz Casal, en Boimorto, no contar\u00e1 con la actuaci\u00f3n de Manolo Garc\u00eda. El artista se vio obligado a cancelar su actuaci\u00f3n debido a una lumbalgia, que lo mantendr\u00e1 alejado de los escenarios durante las pr\u00f3ximas dos semanas.<\/p>\n<p>El festival une un gran cartel art\u00edstico con la apuesta por el desarrollo del rural, a trav\u00e9s del Mercado de la Cosecha. El s\u00e1bado 22 en el Escenario de la Luz actuar\u00e1n Luz Casal, Vega, Di Elas, Luar na Lubre, Eladio y los Seres Queridos, M\u00e4bu, Eme Dj, Riff Raff e Ith. Ese mismo d\u00eda, pasar\u00e1n por el escenario SON Estrella Galicia Soledad V\u00e9lez, Lorena \u00c1lvarez y Su Banda Municipal, Alondra Bentley, Davile Matell\u00e1n y El Viejo Caracol. <\/p>\n<p>\nEl domingo 23 en el Escenario de la Luz estar\u00e1n Rosendo, Dover, Christina Rosenvinge, Chris Barron, Basia Bulat, Novedades Carminha y Nova Galega de Danza. En el SON Estrella Galicia actuar\u00e1n Anni B Sweet, Boat Beam, Jane Joyd, Stereotipos y Rub\u00e9n Moinelo. <\/p>\n<p>Pero el Festival de la Luz no es s\u00f3lo m\u00fasica. Esta cita surge de un compromiso decidido con el desarrollo socioecon\u00f3mico del medio rural, y por ello en \u00e9l tiene un espacio destacado el Mercado de la Cosecha. <\/p>\n<p>Se trata de un mercado que ofrece la oportunidad de probar los mejores alimentos de nuestra tierra y experimentar los productos y servicios que ofrecen las empresas del rural que apuestan por la innovaci\u00f3n, la calidad y la sostenibilidad en sectores como el agroalimentario o la artesan\u00eda. <\/p>\n<p>Nombres como Corporaci\u00f3n Hijos de Rivera, R, Novagalicia Banco, Gadis y Mans-Paideia se implicaron en el \u00e9xito del Festival de la Luz.<\/p>\n<p>Fuente: La Region &#8211; <a href='http:\/\/www.laregion.es\/noticia\/225099\/festival\/arranca\/sabado\/manolo\/garcia\/' target=_new>ENLACE<\/a><\/p>\n","protected":false},"excerpt":{"rendered":"<p>El Festival de la Luz, que se celebra los d\u00edas 22 y 23 de septiembre en la casa natal de Luz Casal, en Boimorto, no contar\u00e1 con la actuaci\u00f3n de Manolo Garc\u00eda. El artista se vio obligado a cancelar su actuaci\u00f3n debido a una lumbalgia, que lo mantendr\u00e1 alejado de los escenarios durante las pr\u00f3ximas<a class=\"moretag\" href=\"https:\/\/www.manologarciaycia.com\/?p=3867\" title=\"MG: El Festival de la Luz arranca este s\u00e1bado sin Manolo Garc\u00eda\" target=\"_self\" rel=\"follow\"> <font face=arial size=2>[Leer m\u00e1s]<\/font> <\/a><\/p>\n","protected":false},"author":2,"featured_media":0,"comment_status":"closed","ping_status":"closed","sticky":false,"template":"","format":"standard","meta":{"footnotes":""},"categories":[1],"tags":[],"class_list":["post-3867","post","type-post","status-publish","format-standard","hentry","category-manolo-garcia"],"_links":{"self":[{"href":"https:\/\/www.manologarciaycia.com\/index.php?rest_route=\/wp\/v2\/posts\/3867","targetHints":{"allow":["GET"]}}],"collection":[{"href":"https:\/\/www.manologarciaycia.com\/index.php?rest_route=\/wp\/v2\/posts"}],"about":[{"href":"https:\/\/www.manologarciaycia.com\/index.php?rest_route=\/wp\/v2\/types\/post"}],"author":[{"embeddable":true,"href":"https:\/\/www.manologarciaycia.com\/index.php?rest_route=\/wp\/v2\/users\/2"}],"replies":[{"embeddable":true,"href":"https:\/\/www.manologarciaycia.com\/index.php?rest_route=%2Fwp%2Fv2%2Fcomments&post=3867"}],"version-history":[{"count":1,"href":"https:\/\/www.manologarciaycia.com\/index.php?rest_route=\/wp\/v2\/posts\/3867\/revisions"}],"predecessor-version":[{"id":3868,"href":"https:\/\/www.manologarciaycia.com\/index.php?rest_route=\/wp\/v2\/posts\/3867\/revisions\/3868"}],"wp:attachment":[{"href":"https:\/\/www.manologarciaycia.com\/index.php?rest_route=%2Fwp%2Fv2%2Fmedia&parent=3867"}],"wp:term":[{"taxonomy":"category","embeddable":true,"href":"https:\/\/www.manologarciaycia.com\/index.php?rest_route=%2Fwp%2Fv2%2Fcategories&post=3867"},{"taxonomy":"post_tag","embeddable":true,"href":"https:\/\/www.manologarciaycia.com\/index.php?rest_route=%2Fwp%2Fv2%2Ftags&post=3867"}],"curies":[{"name":"wp","href":"https:\/\/api.w.org\/{rel}","templated":true}]}}