{"id":3865,"date":"2012-09-20T10:30:52","date_gmt":"2012-09-20T08:30:52","guid":{"rendered":"http:\/\/www.manologarciaycia.com\/?p=3865"},"modified":"2012-09-20T10:30:52","modified_gmt":"2012-09-20T08:30:52","slug":"mg-manolo-garcia-cancela-su-concierto-en-pozoblanco","status":"publish","type":"post","link":"https:\/\/www.manologarciaycia.com\/?p=3865","title":{"rendered":"MG: Manolo Garc\u00eda cancela su concierto en Pozoblanco"},"content":{"rendered":"<p>El cantante catal\u00e1n debe guardar reposo por problemas de lumbalgia. El cantante Manolo Garc\u00eda ha cancelado los conciertos previstos hasta final de mes en Pozoblanco (C\u00f3rdoba) y Burjassot (Valencia) debido a una lumbalgia, que tambi\u00e9n le impedir\u00e1 participar en el Festival de la Luz, previsto para este fin de semana en la localidad coru\u00f1esa de Boimorto. <\/p>\n<p>\nSeg\u00fan ha informado la productora de los conciertos del artista en un comunicado, debido al empeoramiento de una lumbalgia, Manolo Garc\u00eda deber\u00e1 guardar reposo absoluto durante un m\u00ednimo de quince d\u00edas, por lo que se ve obligado a la \u00abforzosa cancelaci\u00f3n\u00bb de sus actuaciones previstas hasta finales de septiembre. <\/p>\n<p>Adem\u00e1s de su participaci\u00f3n en el Festival de la Luz, las anulaciones afectar\u00e1n al concierto del d\u00eda 27 en Burjassot y al de Pozoblanco, previsto para el 29 de septiembre. Tanto Manolo Garc\u00eda como su oficina \u00ablamentan much\u00edsimo\u00bb e insisten en que, de no ser por absoluta obligaci\u00f3n, el artista \u00abnunca dejar\u00eda de ofrecer sus conciertos previstos\u00bb. <\/p>\n<p>Manolo Garc\u00eda se encuentra de gira con su \u00faltimo disco, Los d\u00edas intactos, publicado en octubre de 2011. Se trata del quinto \u00e1lbum de estudio en solitario del artista catal\u00e1n y cuenta con 14 canciones in\u00e9ditas.<\/p>\n<p>Fuente: El D\u00eda de C\u00f3rdoba &#8211; <a href='http:\/\/www.eldiadecordoba.es\/article\/ocio\/1356404\/manolo\/garcia\/cancela\/su\/concierto\/pozoblanco.html' target=_new>ENLACE<\/a><\/p>\n","protected":false},"excerpt":{"rendered":"<p>El cantante catal\u00e1n debe guardar reposo por problemas de lumbalgia. El cantante Manolo Garc\u00eda ha cancelado los conciertos previstos hasta final de mes en Pozoblanco (C\u00f3rdoba) y Burjassot (Valencia) debido a una lumbalgia, que tambi\u00e9n le impedir\u00e1 participar en el Festival de la Luz, previsto para este fin de semana en la localidad coru\u00f1esa de<a class=\"moretag\" href=\"https:\/\/www.manologarciaycia.com\/?p=3865\" title=\"MG: Manolo Garc\u00eda cancela su concierto en Pozoblanco\" target=\"_self\" rel=\"follow\"> <font face=arial size=2>[Leer m\u00e1s]<\/font> <\/a><\/p>\n","protected":false},"author":2,"featured_media":0,"comment_status":"closed","ping_status":"closed","sticky":false,"template":"","format":"standard","meta":{"footnotes":""},"categories":[1],"tags":[],"class_list":["post-3865","post","type-post","status-publish","format-standard","hentry","category-manolo-garcia"],"_links":{"self":[{"href":"https:\/\/www.manologarciaycia.com\/index.php?rest_route=\/wp\/v2\/posts\/3865","targetHints":{"allow":["GET"]}}],"collection":[{"href":"https:\/\/www.manologarciaycia.com\/index.php?rest_route=\/wp\/v2\/posts"}],"about":[{"href":"https:\/\/www.manologarciaycia.com\/index.php?rest_route=\/wp\/v2\/types\/post"}],"author":[{"embeddable":true,"href":"https:\/\/www.manologarciaycia.com\/index.php?rest_route=\/wp\/v2\/users\/2"}],"replies":[{"embeddable":true,"href":"https:\/\/www.manologarciaycia.com\/index.php?rest_route=%2Fwp%2Fv2%2Fcomments&post=3865"}],"version-history":[{"count":1,"href":"https:\/\/www.manologarciaycia.com\/index.php?rest_route=\/wp\/v2\/posts\/3865\/revisions"}],"predecessor-version":[{"id":3866,"href":"https:\/\/www.manologarciaycia.com\/index.php?rest_route=\/wp\/v2\/posts\/3865\/revisions\/3866"}],"wp:attachment":[{"href":"https:\/\/www.manologarciaycia.com\/index.php?rest_route=%2Fwp%2Fv2%2Fmedia&parent=3865"}],"wp:term":[{"taxonomy":"category","embeddable":true,"href":"https:\/\/www.manologarciaycia.com\/index.php?rest_route=%2Fwp%2Fv2%2Fcategories&post=3865"},{"taxonomy":"post_tag","embeddable":true,"href":"https:\/\/www.manologarciaycia.com\/index.php?rest_route=%2Fwp%2Fv2%2Ftags&post=3865"}],"curies":[{"name":"wp","href":"https:\/\/api.w.org\/{rel}","templated":true}]}}