{"id":3863,"date":"2012-09-20T10:29:52","date_gmt":"2012-09-20T08:29:52","guid":{"rendered":"http:\/\/www.manologarciaycia.com\/?p=3863"},"modified":"2012-09-20T10:29:52","modified_gmt":"2012-09-20T08:29:52","slug":"mg-manolo-garcia-aplaza-al-10-de-noviembre-el-concierto-de-burjassot-por-una-lumbalgia","status":"publish","type":"post","link":"https:\/\/www.manologarciaycia.com\/?p=3863","title":{"rendered":"MG: Manolo Garc\u00eda aplaza al 10 de noviembre el concierto de Burjassot por una lumbalgia"},"content":{"rendered":"<p>Paraliza su gira durante un m\u00ednimo de 15 d\u00edas por prescipci\u00f3n m\u00e9dica. Las entradas ya adquiridas, y casi agotadas, ser\u00e1n v\u00e1lidas para la nueva fecha. El concierto de Manolo Garc\u00eda previsto para el pr\u00f3ximo 27 de septiembre en Burjassot (Valencia) se ha aplazado al 10 de noviembre, a causa de una lumbalgia que le obliga al reposo m\u00e1s absoluto durante un m\u00ednimo de 15 d\u00edas, seg\u00fan ha informado la productora.<\/p>\n<p><\/p>\n<p>Esta involuntaria parada afecta a todas sus citas para los pr\u00f3ximos d\u00edas: el 27 de septiembre en Burjassot, el previsto para el d\u00eda 29 en Pozoblanco, as\u00ed como tambi\u00e9n a su actuaci\u00f3n dentro del Festival de la Luz, certamen ben\u00e9fico que se celebrar\u00e1 en Boimorto este pr\u00f3ximo fin de semana. El concierto de Burjassot queda aplazado al s\u00e1bado 10 de noviembre, en su misma ubicaci\u00f3n inicial y hora. Las entradas ya adquiridas, y pr\u00e1cticamente agotadas, ser\u00e1n v\u00e1lidas para la nueva fecha. Las personas que no puedan acudir al concierto podr\u00e1n devolver sus localidades en el mismo punto donde fueron adquiridas hasta el pr\u00f3ximo 15 de octubre.<\/p>\n<p>Tanto Manolo Garc\u00eda como su oficina lamentan much\u00edsimo esta situaci\u00f3n y han insistido en que, de no ser por absoluta obligaci\u00f3n, el artista nunca dejar\u00eda de ofrecer sus conciertos previstos.<\/p>\n<p>Fuente: El Mundo &#8211; <a href='http:\/\/www.elmundo.es\/elmundo\/2012\/09\/19\/valencia\/1348072733.html' target=_new>ENLACE<\/a><\/p>\n","protected":false},"excerpt":{"rendered":"<p>Paraliza su gira durante un m\u00ednimo de 15 d\u00edas por prescipci\u00f3n m\u00e9dica. Las entradas ya adquiridas, y casi agotadas, ser\u00e1n v\u00e1lidas para la nueva fecha. El concierto de Manolo Garc\u00eda previsto para el pr\u00f3ximo 27 de septiembre en Burjassot (Valencia) se ha aplazado al 10 de noviembre, a causa de una lumbalgia que le obliga<a class=\"moretag\" href=\"https:\/\/www.manologarciaycia.com\/?p=3863\" title=\"MG: Manolo Garc\u00eda aplaza al 10 de noviembre el concierto de Burjassot por una lumbalgia\" target=\"_self\" rel=\"follow\"> <font face=arial size=2>[Leer m\u00e1s]<\/font> <\/a><\/p>\n","protected":false},"author":2,"featured_media":0,"comment_status":"closed","ping_status":"closed","sticky":false,"template":"","format":"standard","meta":{"footnotes":""},"categories":[1],"tags":[],"class_list":["post-3863","post","type-post","status-publish","format-standard","hentry","category-manolo-garcia"],"_links":{"self":[{"href":"https:\/\/www.manologarciaycia.com\/index.php?rest_route=\/wp\/v2\/posts\/3863","targetHints":{"allow":["GET"]}}],"collection":[{"href":"https:\/\/www.manologarciaycia.com\/index.php?rest_route=\/wp\/v2\/posts"}],"about":[{"href":"https:\/\/www.manologarciaycia.com\/index.php?rest_route=\/wp\/v2\/types\/post"}],"author":[{"embeddable":true,"href":"https:\/\/www.manologarciaycia.com\/index.php?rest_route=\/wp\/v2\/users\/2"}],"replies":[{"embeddable":true,"href":"https:\/\/www.manologarciaycia.com\/index.php?rest_route=%2Fwp%2Fv2%2Fcomments&post=3863"}],"version-history":[{"count":1,"href":"https:\/\/www.manologarciaycia.com\/index.php?rest_route=\/wp\/v2\/posts\/3863\/revisions"}],"predecessor-version":[{"id":3864,"href":"https:\/\/www.manologarciaycia.com\/index.php?rest_route=\/wp\/v2\/posts\/3863\/revisions\/3864"}],"wp:attachment":[{"href":"https:\/\/www.manologarciaycia.com\/index.php?rest_route=%2Fwp%2Fv2%2Fmedia&parent=3863"}],"wp:term":[{"taxonomy":"category","embeddable":true,"href":"https:\/\/www.manologarciaycia.com\/index.php?rest_route=%2Fwp%2Fv2%2Fcategories&post=3863"},{"taxonomy":"post_tag","embeddable":true,"href":"https:\/\/www.manologarciaycia.com\/index.php?rest_route=%2Fwp%2Fv2%2Ftags&post=3863"}],"curies":[{"name":"wp","href":"https:\/\/api.w.org\/{rel}","templated":true}]}}