{"id":3861,"date":"2012-09-19T16:53:23","date_gmt":"2012-09-19T14:53:23","guid":{"rendered":"http:\/\/www.manologarciaycia.com\/?p=3861"},"modified":"2012-09-19T16:53:23","modified_gmt":"2012-09-19T14:53:23","slug":"mg-comunicado-oficial-cancelaciones-y-nueva-fecha","status":"publish","type":"post","link":"https:\/\/www.manologarciaycia.com\/?p=3861","title":{"rendered":"MG: Comunicado oficial, cancelaciones y nueva fecha"},"content":{"rendered":"<p>Debido al empeoramiento de una lumbalgia, que le obliga al reposo absoluto durante quince d\u00edas, lamentamos informar del forzoso aplazamiento de sus actuaciones previstas hasta finales de septiembre. Esta involuntaria parada afecta a todas sus citas para los pr\u00f3ximos d\u00edas; el 27 de Septiembre en Burjassot, el previsto para el d\u00eda 29 en Pozoblanco, as\u00ed como tambi\u00e9n a su actuaci\u00f3n dentro del Festival de la Luz, el festival ben\u00e9fico que se celebrar\u00e1 en Boimorto este pr\u00f3ximo fin de semana.<\/p>\n<p>El concierto de <strong>Burjassot<\/strong> queda aplazado al s\u00e1bado 10 de noviembre, en su misma ubicaci\u00f3n y hora iniciales. Las entradas ya adquiridas y pr\u00e1cticamente agotadas, ser\u00e1n v\u00e1lidas para la nueva fecha. Las personas que no puedan acudir al concierto, podr\u00e1n devolver sus localidades en el mismo punto donde fueron adquiridas hasta el pr\u00f3ximo 15 de octubre.<\/p>\n<p>En <strong>Pozoblanco<\/strong>, sin nueva fecha, se proceder\u00e1 a la devoluci\u00f3n del importe de las entradas en los mismos puntos donde fueron adquiridas.<\/p>\n<p>Lamentamos much\u00edsimo esta situaci\u00f3n y queremos insistir en que, de no ser por absoluto imperativo, el artista nunca dejar\u00eda de ofrecer sus conciertos previstos.<\/p>\n<p>Fuente: Perro Records <a href='http:\/\/www.manolo-garcia.com\/news\/canceladas-las-actuaciones-previstas-hasta-finales-de-septiembre' targeT=_new>ENLACE<\/a><\/p>\n","protected":false},"excerpt":{"rendered":"<p>Debido al empeoramiento de una lumbalgia, que le obliga al reposo absoluto durante quince d\u00edas, lamentamos informar del forzoso aplazamiento de sus actuaciones previstas hasta finales de septiembre. Esta involuntaria parada afecta a todas sus citas para los pr\u00f3ximos d\u00edas; el 27 de Septiembre en Burjassot, el previsto para el d\u00eda 29 en Pozoblanco, as\u00ed<a class=\"moretag\" href=\"https:\/\/www.manologarciaycia.com\/?p=3861\" title=\"MG: Comunicado oficial, cancelaciones y nueva fecha\" target=\"_self\" rel=\"follow\"> <font face=arial size=2>[Leer m\u00e1s]<\/font> <\/a><\/p>\n","protected":false},"author":2,"featured_media":0,"comment_status":"closed","ping_status":"closed","sticky":false,"template":"","format":"standard","meta":{"footnotes":""},"categories":[1],"tags":[],"class_list":["post-3861","post","type-post","status-publish","format-standard","hentry","category-manolo-garcia"],"_links":{"self":[{"href":"https:\/\/www.manologarciaycia.com\/index.php?rest_route=\/wp\/v2\/posts\/3861","targetHints":{"allow":["GET"]}}],"collection":[{"href":"https:\/\/www.manologarciaycia.com\/index.php?rest_route=\/wp\/v2\/posts"}],"about":[{"href":"https:\/\/www.manologarciaycia.com\/index.php?rest_route=\/wp\/v2\/types\/post"}],"author":[{"embeddable":true,"href":"https:\/\/www.manologarciaycia.com\/index.php?rest_route=\/wp\/v2\/users\/2"}],"replies":[{"embeddable":true,"href":"https:\/\/www.manologarciaycia.com\/index.php?rest_route=%2Fwp%2Fv2%2Fcomments&post=3861"}],"version-history":[{"count":1,"href":"https:\/\/www.manologarciaycia.com\/index.php?rest_route=\/wp\/v2\/posts\/3861\/revisions"}],"predecessor-version":[{"id":3862,"href":"https:\/\/www.manologarciaycia.com\/index.php?rest_route=\/wp\/v2\/posts\/3861\/revisions\/3862"}],"wp:attachment":[{"href":"https:\/\/www.manologarciaycia.com\/index.php?rest_route=%2Fwp%2Fv2%2Fmedia&parent=3861"}],"wp:term":[{"taxonomy":"category","embeddable":true,"href":"https:\/\/www.manologarciaycia.com\/index.php?rest_route=%2Fwp%2Fv2%2Fcategories&post=3861"},{"taxonomy":"post_tag","embeddable":true,"href":"https:\/\/www.manologarciaycia.com\/index.php?rest_route=%2Fwp%2Fv2%2Ftags&post=3861"}],"curies":[{"name":"wp","href":"https:\/\/api.w.org\/{rel}","templated":true}]}}