{"id":3857,"date":"2012-09-19T15:56:09","date_gmt":"2012-09-19T13:56:09","guid":{"rendered":"http:\/\/www.manologarciaycia.com\/?p=3857"},"modified":"2012-09-19T15:58:07","modified_gmt":"2012-09-19T13:58:07","slug":"mg-comunicado-oficial-pozoblanco-y-burjassot-cancelados","status":"publish","type":"post","link":"https:\/\/www.manologarciaycia.com\/?p=3857","title":{"rendered":"MG: Comunicado oficial Boimorto, Pozoblanco y Burjassot cancelados"},"content":{"rendered":"<p><center>CANCELADO EL CONCIERTO DE MANOLO GARCIA EN POZOBLANCO PREVISTO PARA EL PR\u00d3XIMO D\u00cdA 29 DE SEPTIEMBRE<\/center><\/p>\n<p>A causa de una lumbalgia que le obliga al reposo absoluto durante un m\u00ednimo de quince d\u00edas<\/p>\n<p>Debido al empeoramiento de una lumbalgia, que le obliga al reposo absoluto durante\u00a0 estas semanas, lamentamos informar de la forzosa cancelaci\u00f3n de sus actuaciones\u00a0 previstas hasta finales de septiembre.<\/p>\n<p>Esta cancelaci\u00f3n afectar\u00e1 a este concierto en Pozoblanco el d\u00eda 29, al previsto para el d\u00eda 27 en Burjassot (para el que ya se hab\u00edan vendido pr\u00e1cticamente todas las entradas), as\u00ed como tambi\u00e9n su actuaci\u00f3n dentro del Festival de la Luz, el festival ben\u00e9fico que se celebrar\u00e1 en Boimorto este pr\u00f3ximo fin de semana.<br \/>\nTanto Manolo Garc\u00eda como su oficina lamentan much\u00edsimo esta situaci\u00f3n y queremos insistir en que, de no ser por absoluta obligaci\u00f3n, el artista nunca dejar\u00eda de ofrecer sus conciertos previstos, como muestra su impoluta hoja de trabajo a lo largo de su dilatada carrera.<\/p>\n<p>Fuente: Perro Records<\/p>\n","protected":false},"excerpt":{"rendered":"<p>CANCELADO EL CONCIERTO DE MANOLO GARCIA EN POZOBLANCO PREVISTO PARA EL PR\u00d3XIMO D\u00cdA 29 DE SEPTIEMBRE A causa de una lumbalgia que le obliga al reposo absoluto durante un m\u00ednimo de quince d\u00edas Debido al empeoramiento de una lumbalgia, que le obliga al reposo absoluto durante\u00a0 estas semanas, lamentamos informar de la forzosa cancelaci\u00f3n de<a class=\"moretag\" href=\"https:\/\/www.manologarciaycia.com\/?p=3857\" title=\"MG: Comunicado oficial Boimorto, Pozoblanco y Burjassot cancelados\" target=\"_self\" rel=\"follow\"> <font face=arial size=2>[Leer m\u00e1s]<\/font> <\/a><\/p>\n","protected":false},"author":2,"featured_media":0,"comment_status":"closed","ping_status":"closed","sticky":false,"template":"","format":"standard","meta":{"footnotes":""},"categories":[1],"tags":[],"class_list":["post-3857","post","type-post","status-publish","format-standard","hentry","category-manolo-garcia"],"_links":{"self":[{"href":"https:\/\/www.manologarciaycia.com\/index.php?rest_route=\/wp\/v2\/posts\/3857","targetHints":{"allow":["GET"]}}],"collection":[{"href":"https:\/\/www.manologarciaycia.com\/index.php?rest_route=\/wp\/v2\/posts"}],"about":[{"href":"https:\/\/www.manologarciaycia.com\/index.php?rest_route=\/wp\/v2\/types\/post"}],"author":[{"embeddable":true,"href":"https:\/\/www.manologarciaycia.com\/index.php?rest_route=\/wp\/v2\/users\/2"}],"replies":[{"embeddable":true,"href":"https:\/\/www.manologarciaycia.com\/index.php?rest_route=%2Fwp%2Fv2%2Fcomments&post=3857"}],"version-history":[{"count":3,"href":"https:\/\/www.manologarciaycia.com\/index.php?rest_route=\/wp\/v2\/posts\/3857\/revisions"}],"predecessor-version":[{"id":3860,"href":"https:\/\/www.manologarciaycia.com\/index.php?rest_route=\/wp\/v2\/posts\/3857\/revisions\/3860"}],"wp:attachment":[{"href":"https:\/\/www.manologarciaycia.com\/index.php?rest_route=%2Fwp%2Fv2%2Fmedia&parent=3857"}],"wp:term":[{"taxonomy":"category","embeddable":true,"href":"https:\/\/www.manologarciaycia.com\/index.php?rest_route=%2Fwp%2Fv2%2Fcategories&post=3857"},{"taxonomy":"post_tag","embeddable":true,"href":"https:\/\/www.manologarciaycia.com\/index.php?rest_route=%2Fwp%2Fv2%2Ftags&post=3857"}],"curies":[{"name":"wp","href":"https:\/\/api.w.org\/{rel}","templated":true}]}}