{"id":3852,"date":"2012-09-19T15:34:59","date_gmt":"2012-09-19T13:34:59","guid":{"rendered":"http:\/\/www.manologarciaycia.com\/?p=3852"},"modified":"2012-09-19T15:36:59","modified_gmt":"2012-09-19T13:36:59","slug":"mg-cancelados-conciertos-de-manolo-garcia-hasta-finales-de-septiembre","status":"publish","type":"post","link":"https:\/\/www.manologarciaycia.com\/?p=3852","title":{"rendered":"MG: Cancelados conciertos de Manolo Garc\u00eda hasta finales de Septiembre"},"content":{"rendered":"<p>Tal y como nos adelantaba LolodeCai (gracias Jose) y luego se confirmaba con un comunicado de PerroRecords, Manolo Garc\u00eda cancela sus conciertos de aqu\u00ed a finales de septiembre debido a una lumbalgia. La primera cancelaci\u00f3n es la de su actuaci\u00f3n en el Festival de la Luz de Boimorto (Galicia); aqu\u00ed ten\u00e9is la noticia:<\/p>\n<p><img loading=\"lazy\" decoding=\"async\" class=\"alignleft\" src=\"http:\/\/www.festivaldelaluz.es\/wp-content\/uploads\/foton.jpg\" alt=\"\" width=\"384\" height=\"166\" \/> Desde la agencia de Manolo Garc\u00eda nos acaban de informar de que el artista cancela su actuaci\u00f3n en el Festival de la Luz debido al empeoramiento de una lumbalgia, que le obliga al reposo absoluto durante estas semanas. Esto lo mantendr\u00e1 alejado de los escenarios hasta finales de septiembre, por lo que ha cancelado todas sus actuaciones en estas fechas.<\/p>\n<p><span style=\"text-decoration: underline;\">Devoluci\u00f3n de entradas<\/span><br \/>\nLa organizaci\u00f3n del Festival de la Luz lamenta no poder contar con Manolo Garc\u00eda. Su actuaci\u00f3n ser\u00e1 sustituida por la de otro grupo o artista, de la que se informar\u00e1 a la mayor brevedad posible. En caso de que alguien quiera que se le devuelvan las entradas o abonos del festival por la ausencia de Manolo Garc\u00eda, puede hacerlo dirigi\u00e9ndose al punto de venta f\u00edsico en el que la ha comprado y entregando all\u00ed la entrada original para que le reintegren su importe. En el caso de www.novagaliciabanco.es, para solicitar la devoluci\u00f3n es necesario llamar al 902 43 44 43. Las devoluciones deben solicitarse antes del viernes 21 de septiembre a las 22:00h en todos los casos.<\/p>\n<p>Fuente: Festival de la Luz <a href=\"http:\/\/www.festivaldelaluz.es\/cancelada-la-actuacion-de-manolo-garcia\/\" target=\"_new\">ENLACE<\/a><\/p>\n","protected":false},"excerpt":{"rendered":"<p>Tal y como nos adelantaba LolodeCai (gracias Jose) y luego se confirmaba con un comunicado de PerroRecords, Manolo Garc\u00eda cancela sus conciertos de aqu\u00ed a finales de septiembre debido a una lumbalgia. La primera cancelaci\u00f3n es la de su actuaci\u00f3n en el Festival de la Luz de Boimorto (Galicia); aqu\u00ed ten\u00e9is la noticia: Desde la<a class=\"moretag\" href=\"https:\/\/www.manologarciaycia.com\/?p=3852\" title=\"MG: Cancelados conciertos de Manolo Garc\u00eda hasta finales de Septiembre\" target=\"_self\" rel=\"follow\"> <font face=arial size=2>[Leer m\u00e1s]<\/font> <\/a><\/p>\n","protected":false},"author":2,"featured_media":0,"comment_status":"closed","ping_status":"closed","sticky":false,"template":"","format":"standard","meta":{"footnotes":""},"categories":[1],"tags":[],"class_list":["post-3852","post","type-post","status-publish","format-standard","hentry","category-manolo-garcia"],"_links":{"self":[{"href":"https:\/\/www.manologarciaycia.com\/index.php?rest_route=\/wp\/v2\/posts\/3852","targetHints":{"allow":["GET"]}}],"collection":[{"href":"https:\/\/www.manologarciaycia.com\/index.php?rest_route=\/wp\/v2\/posts"}],"about":[{"href":"https:\/\/www.manologarciaycia.com\/index.php?rest_route=\/wp\/v2\/types\/post"}],"author":[{"embeddable":true,"href":"https:\/\/www.manologarciaycia.com\/index.php?rest_route=\/wp\/v2\/users\/2"}],"replies":[{"embeddable":true,"href":"https:\/\/www.manologarciaycia.com\/index.php?rest_route=%2Fwp%2Fv2%2Fcomments&post=3852"}],"version-history":[{"count":4,"href":"https:\/\/www.manologarciaycia.com\/index.php?rest_route=\/wp\/v2\/posts\/3852\/revisions"}],"predecessor-version":[{"id":3856,"href":"https:\/\/www.manologarciaycia.com\/index.php?rest_route=\/wp\/v2\/posts\/3852\/revisions\/3856"}],"wp:attachment":[{"href":"https:\/\/www.manologarciaycia.com\/index.php?rest_route=%2Fwp%2Fv2%2Fmedia&parent=3852"}],"wp:term":[{"taxonomy":"category","embeddable":true,"href":"https:\/\/www.manologarciaycia.com\/index.php?rest_route=%2Fwp%2Fv2%2Fcategories&post=3852"},{"taxonomy":"post_tag","embeddable":true,"href":"https:\/\/www.manologarciaycia.com\/index.php?rest_route=%2Fwp%2Fv2%2Ftags&post=3852"}],"curies":[{"name":"wp","href":"https:\/\/api.w.org\/{rel}","templated":true}]}}