{"id":3847,"date":"2012-09-18T08:31:34","date_gmt":"2012-09-18T06:31:34","guid":{"rendered":"http:\/\/www.manologarciaycia.com\/?p=3847"},"modified":"2012-09-18T10:28:25","modified_gmt":"2012-09-18T08:28:25","slug":"mg-segundo-concierto-en-granada-17-noviembre-a-la-venta-hoy","status":"publish","type":"post","link":"https:\/\/www.manologarciaycia.com\/?p=3847","title":{"rendered":"MG: Segundo Concierto en Granada!! 17 Noviembre, a la venta hoy"},"content":{"rendered":"<p><img loading=\"lazy\" decoding=\"async\" alt=\"\" src=\"http:\/\/www.ideal.es\/granada\/noticias\/201209\/17\/Media\/Granada\/manolo--300x180.JPG\" class=\"alignleft\" width=\"300\" height=\"180\" \/> Este martes salen a la venta m\u00e1s entradas para su segundo recital, el s\u00e1bado 17 de noviembre en el Palacio de Congresos. Este martes salen a la venta las entradas para el segundo concierto que Manolo Garc\u00eda ofrecer\u00e1 el s\u00e1bado 17 de noviembre en el Palacio de Congresos de Granada, una vez que se han agotado las \u00faltimas entradas de la primera actuaci\u00f3n, prevista para un d\u00eda antes.<\/p>\n<p>Las entradas para este segundo concierto se pondr\u00e1n a la venta en los puntos de venta de la red Ticketmaster (Fnac, Viajes Halc\u00f3n, Viajes Carrefour, entre otros) y en la red de cajeros de La Caixa.<br \/>\nEstos dos conciertos de Granada forman parte de la gira de teatros y auditorios de su nuevo \u00e1lbum &#8216;Los d\u00edas intactos&#8217;, que ha permanecido tres semanas consecutivas en el n\u00famero uno de la lista de los m\u00e1s vendidos en Espa\u00f1a y es ya Triple Disco de Platino.<\/p>\n<p>La gira est\u00e1 teniendo una acogida magn\u00edfica, agotando entradas en el 95 por ciento de sus fechas. Han destacado hasta ahora sus seis d\u00edas en el Palacio Municipal de Congresos del Campo de las Naciones de Madrid el pasado mes de abril y otros seis en Barcelona, con las entradas agotadas para todos ellos con muchos meses de antelaci\u00f3n.<\/p>\n<p><center><a href='http:\/\/www.ticketmaster.es\/nav\/es\/musica\/granada\/palacio_de_congresos_tt390\/manolo_garcia\/index.html?q=Manolo%20garcia&#038;t=fast' target=_new>ENLACE<\/A> a las entradas, ya a la venta!<\/center><\/p>\n<p>Fuente: Ideal &#8211; <a href='http:\/\/www.ideal.es\/granada\/20120917\/mas-actualidad\/cultura\/agotadas-entradas-para-primer-201209171929.html' target=_new>ENLACE<\/a>. Otras noticias: <a href='http:\/\/www.que.es\/granada\/201209171857-agotadas-entradas-para-primer-concierto-epi.html' targeT=_new>Qu\u00e9<\/a> &#8211; <a href='http:\/\/www.laopiniondegranada.es\/cultura\/2012\/09\/17\/manolo-garcia-llena-palacio-congresos-segundo\/318251.html?utm_source=rss' target=_new>Opinion Granada<\/a><\/p>\n","protected":false},"excerpt":{"rendered":"<p>Este martes salen a la venta m\u00e1s entradas para su segundo recital, el s\u00e1bado 17 de noviembre en el Palacio de Congresos. Este martes salen a la venta las entradas para el segundo concierto que Manolo Garc\u00eda ofrecer\u00e1 el s\u00e1bado 17 de noviembre en el Palacio de Congresos de Granada, una vez que se han<a class=\"moretag\" href=\"https:\/\/www.manologarciaycia.com\/?p=3847\" title=\"MG: Segundo Concierto en Granada!! 17 Noviembre, a la venta hoy\" target=\"_self\" rel=\"follow\"> <font face=arial size=2>[Leer m\u00e1s]<\/font> <\/a><\/p>\n","protected":false},"author":2,"featured_media":0,"comment_status":"closed","ping_status":"closed","sticky":false,"template":"","format":"standard","meta":{"footnotes":""},"categories":[1],"tags":[],"class_list":["post-3847","post","type-post","status-publish","format-standard","hentry","category-manolo-garcia"],"_links":{"self":[{"href":"https:\/\/www.manologarciaycia.com\/index.php?rest_route=\/wp\/v2\/posts\/3847","targetHints":{"allow":["GET"]}}],"collection":[{"href":"https:\/\/www.manologarciaycia.com\/index.php?rest_route=\/wp\/v2\/posts"}],"about":[{"href":"https:\/\/www.manologarciaycia.com\/index.php?rest_route=\/wp\/v2\/types\/post"}],"author":[{"embeddable":true,"href":"https:\/\/www.manologarciaycia.com\/index.php?rest_route=\/wp\/v2\/users\/2"}],"replies":[{"embeddable":true,"href":"https:\/\/www.manologarciaycia.com\/index.php?rest_route=%2Fwp%2Fv2%2Fcomments&post=3847"}],"version-history":[{"count":2,"href":"https:\/\/www.manologarciaycia.com\/index.php?rest_route=\/wp\/v2\/posts\/3847\/revisions"}],"predecessor-version":[{"id":3851,"href":"https:\/\/www.manologarciaycia.com\/index.php?rest_route=\/wp\/v2\/posts\/3847\/revisions\/3851"}],"wp:attachment":[{"href":"https:\/\/www.manologarciaycia.com\/index.php?rest_route=%2Fwp%2Fv2%2Fmedia&parent=3847"}],"wp:term":[{"taxonomy":"category","embeddable":true,"href":"https:\/\/www.manologarciaycia.com\/index.php?rest_route=%2Fwp%2Fv2%2Fcategories&post=3847"},{"taxonomy":"post_tag","embeddable":true,"href":"https:\/\/www.manologarciaycia.com\/index.php?rest_route=%2Fwp%2Fv2%2Ftags&post=3847"}],"curies":[{"name":"wp","href":"https:\/\/api.w.org\/{rel}","templated":true}]}}