{"id":3841,"date":"2012-09-15T07:51:01","date_gmt":"2012-09-15T05:51:01","guid":{"rendered":"http:\/\/www.manologarciaycia.com\/?p=3841"},"modified":"2012-09-15T07:51:01","modified_gmt":"2012-09-15T05:51:01","slug":"mg-un-ratito-a-pie-y-otro-caminando-por-las-sendas-musicales-de-manolo-garcia","status":"publish","type":"post","link":"https:\/\/www.manologarciaycia.com\/?p=3841","title":{"rendered":"MG: \u2018Un ratito a pie y otro caminando\u2019 por las sendas musicales de Manolo Garc\u00eda"},"content":{"rendered":"<p><img loading=\"lazy\" decoding=\"async\" alt=\"\" src=\"http:\/\/diariodesalamanca.es\/wp-content\/uploads\/DSC05432-300x225.jpg\" class=\"alignright\" width=\"300\" height=\"225\" \/> Pocas veces ocurre que un artista consigue serlo encima de un escenario. Manolo Garc\u00eda es de aquellos que, cuando escuchas su m\u00fasica en un CD, dices oraciones tan manidas como: \u201cCanta bien\u201d, \u201cQu\u00e9 canci\u00f3n m\u00e1s bonita\u201d, \u201cQue \u2018ritmillo\u2019 m\u00e1s bueno tiene\u201d\u2026 Pero, en directo, la cosa cambia. Las frases triviales quedan envueltas por un halo de optimismo, luz, energ\u00eda. Es, simplemente, embaucador.<\/p>\n<p>Tras unas cortinas de colores, aparec\u00eda, con, aproximadamente, 10 minutos de retraso, sobre el escenario del Multiusos S\u00e1nchez Para\u00edso Manolo Garc\u00eda en la noche de ayer, 13 de septiembre. Miles de personas le recibieron con ovaciones, aplausos y todo tipo de piropos, aunque ninguno de ellos embarazosos, con una apabullante expectaci\u00f3n.<\/p>\n<p>La gente permanec\u00eda en sus butacas tras los primeros acordes. Veremos si los \u2018pompis\u2019 de los fans contin\u00faan apoltronados en las sillas cuando las ansias se tornen entusiasmo\u2026<\/p>\n<p>.<\/p>\n<p>Pese a rondar ya los 60, pues se encuentra ya en los 56, el artista catal\u00e1n desprendi\u00f3 vitalidad, jovialidad, una simbiosis con el p\u00fablico que inundaba cualquier recoveco del aforo.<\/p>\n<p>Comenz\u00f3 con una reminiscencia a la adolescencia. Tras los tan anhelados tiempos j\u00f3venes, Manolo Garc\u00eda repas\u00f3 sus temas de toda la vida: \u2018Nunca el tiempo es perdido\u2019, \u2018Prefiero el trapecio\u2019 o \u2018P\u00e1jaros de barro\u2019 y present\u00f3 al p\u00fablico sus \u00faltimas composiciones, incluidas dentro de su nuevo \u00e1lbum \u2018Los d\u00edas intactos\u2019.<\/p>\n<p>Embriagadora, pero sencilla a la vez, la voz de Manolo Garc\u00eda respondi\u00f3 a la perfecci\u00f3n a la alegr\u00eda que irradiaban los fans. Con la m\u00fasica por bandera, tambi\u00e9n se arranc\u00f3 tocando unos bongos y, c\u00f3mo no, con la guitarra.<\/p>\n<p>El momento culmen de la noche lleg\u00f3 cuando, al son del ritmo de \u2018Nunca el tiempo es perdido\u2019, el artista baj\u00f3 del escenario para extraviarse por el p\u00fablico. Los fans saltaron inmediatamente de sus sitios con intenci\u00f3n de poder estar m\u00e1s cerca, a tan s\u00f3lo unos cent\u00edmetros, de su \u00eddolo y poder palpar y sentir su esencia m\u00e1s pr\u00f3xima a ellos.<\/p>\n<p>Y, as\u00ed, dieron las tres horas de concierto. Pese a lo extenso del espect\u00e1culo, el \u00e9xtasis, la apoteosis y el embrujo de la noche hicieron mella en los miles de salmantinos, aunque tambi\u00e9n acudi\u00f3 alg\u00fan que otro seguidor de Garc\u00eda de la comunidad extreme\u00f1a. Un concierto que se convertir\u00e1 en un recuerdo intacto para sus fans, como los d\u00edas de Manolo Garc\u00eda.<\/p>\n<p>Fuente: Diario Salamanca &#8211; <a href='http:\/\/diariodesalamanca.es\/2012\/09\/14\/un-ratito-a-pie-y-otro-caminando-por-las-sendas-musicales-de-manolo-garcia\/' target=_new>ENLACE<\/a><\/p>\n","protected":false},"excerpt":{"rendered":"<p>Pocas veces ocurre que un artista consigue serlo encima de un escenario. Manolo Garc\u00eda es de aquellos que, cuando escuchas su m\u00fasica en un CD, dices oraciones tan manidas como: \u201cCanta bien\u201d, \u201cQu\u00e9 canci\u00f3n m\u00e1s bonita\u201d, \u201cQue \u2018ritmillo\u2019 m\u00e1s bueno tiene\u201d\u2026 Pero, en directo, la cosa cambia. Las frases triviales quedan envueltas por un halo<a class=\"moretag\" href=\"https:\/\/www.manologarciaycia.com\/?p=3841\" title=\"MG: \u2018Un ratito a pie y otro caminando\u2019 por las sendas musicales de Manolo Garc\u00eda\" target=\"_self\" rel=\"follow\"> <font face=arial size=2>[Leer m\u00e1s]<\/font> <\/a><\/p>\n","protected":false},"author":2,"featured_media":0,"comment_status":"closed","ping_status":"closed","sticky":false,"template":"","format":"standard","meta":{"footnotes":""},"categories":[1],"tags":[],"class_list":["post-3841","post","type-post","status-publish","format-standard","hentry","category-manolo-garcia"],"_links":{"self":[{"href":"https:\/\/www.manologarciaycia.com\/index.php?rest_route=\/wp\/v2\/posts\/3841","targetHints":{"allow":["GET"]}}],"collection":[{"href":"https:\/\/www.manologarciaycia.com\/index.php?rest_route=\/wp\/v2\/posts"}],"about":[{"href":"https:\/\/www.manologarciaycia.com\/index.php?rest_route=\/wp\/v2\/types\/post"}],"author":[{"embeddable":true,"href":"https:\/\/www.manologarciaycia.com\/index.php?rest_route=\/wp\/v2\/users\/2"}],"replies":[{"embeddable":true,"href":"https:\/\/www.manologarciaycia.com\/index.php?rest_route=%2Fwp%2Fv2%2Fcomments&post=3841"}],"version-history":[{"count":1,"href":"https:\/\/www.manologarciaycia.com\/index.php?rest_route=\/wp\/v2\/posts\/3841\/revisions"}],"predecessor-version":[{"id":3842,"href":"https:\/\/www.manologarciaycia.com\/index.php?rest_route=\/wp\/v2\/posts\/3841\/revisions\/3842"}],"wp:attachment":[{"href":"https:\/\/www.manologarciaycia.com\/index.php?rest_route=%2Fwp%2Fv2%2Fmedia&parent=3841"}],"wp:term":[{"taxonomy":"category","embeddable":true,"href":"https:\/\/www.manologarciaycia.com\/index.php?rest_route=%2Fwp%2Fv2%2Fcategories&post=3841"},{"taxonomy":"post_tag","embeddable":true,"href":"https:\/\/www.manologarciaycia.com\/index.php?rest_route=%2Fwp%2Fv2%2Ftags&post=3841"}],"curies":[{"name":"wp","href":"https:\/\/api.w.org\/{rel}","templated":true}]}}