{"id":3839,"date":"2012-09-14T19:37:40","date_gmt":"2012-09-14T17:37:40","guid":{"rendered":"http:\/\/www.manologarciaycia.com\/?p=3839"},"modified":"2012-09-15T07:51:24","modified_gmt":"2012-09-15T05:51:24","slug":"mg-manolo-garcia-enamora","status":"publish","type":"post","link":"https:\/\/www.manologarciaycia.com\/?p=3839","title":{"rendered":"MG: Manolo Garc\u00eda enamora"},"content":{"rendered":"<p><img loading=\"lazy\" decoding=\"async\" alt=\"\" src=\"http:\/\/www.tribunasalamanca.com\/fotos\/10384\/titular-manolo-garcia-concierto.jpg\" class=\"alignleft\" width=\"450\" height=\"227\" \/> Con el Multiusos S\u00e1nchez Para\u00edso a rebosar, el cantante deleit\u00f3 a los asistentes con canciones de toda su discograf\u00eda. Manolo Garc\u00eda apareci\u00f3 en el escenario. Con bast\u00f3n en mano, consigui\u00f3 una ovaci\u00f3n del p\u00fablico y comenz\u00f3 a tocar las canciones de su \u00faltimo disco \u2018Los d\u00edas intactos\u2019. La gente disfrutaba, \u00e9l viv\u00eda sus canciones, todo ello con un espect\u00e1culo y una puesta en escena muy cuidada, con fondos llamativos distintos en cada canci\u00f3n y una bailarina haciendo coreograf\u00edas. Pronto, el bast\u00f3n dej\u00f3 de ser un impedimento. Manolo se acercaba al p\u00fablico, se bajaba del escenario e interactuaba con sus fans, entregados cantando las letras de su disco.<\/p>\n<p>Tambi\u00e9n hubo tiempo para las canciones m\u00e1s significativas de toda su carrera, en las que el p\u00fablico disfrut\u00f3 corre\u00e1ndolas a viva voz. Las dos m\u00e1s significativas fueron \u201cNunca el tiempo es perdido\u201d, en la que el cantante se baj\u00f3 del escenario y sali\u00f3 hacia el publico para estar mucho m\u00e1s cerca de su gente. Tambi\u00e9n fue emocionante escucharle cantar \u201cInsurrecci\u00f3n\u201d, famosa de cuando pertenec\u00eda al \u2018\u00daltimo de la fila\u2019.<\/p>\n<p>.<\/p>\n<p>Esta canci\u00f3n la introdujo con un peque\u00f1o discurso sobre la situaci\u00f3n en Espa\u00f1a. Manolo, un artista involucrado con lo que pasa a su alrededor, tuvo unas palabras en las que denunciaba la situaci\u00f3n de los j\u00f3venes en Espa\u00f1a, y quiso hacer un llamamiento a los pol\u00edticos a que se fijaran en Alemania, dado que \u201csiempre han sabido cuidar a los j\u00f3venes\u201d. Mencion\u00f3 a Salamanca, ciudad de estudiantes, ante este problema.<\/p>\n<p>As\u00ed, el artista se lleg\u00f3 a despedir incluso tres veces del escenario, pero ante la insistencia del p\u00fablico porque tocara m\u00e1s canciones, Manolo satisfac\u00eda a sus fans cantando su discograf\u00eda. Pero por desgracia todo tiene su fin, y el cantante se despidi\u00f3 de Salamanca con una ovaci\u00f3n del p\u00fablico y \u00e9l quiso dedicar unas palabras de agradecimiento \u201ces un placer volver a rencontrarnos, parece que es un t\u00f3pico pero son palabras sinceras: me ha encantado estar con vosotros\u201d.<\/p>\n<p>Fuente: Tribuna Salamanca &#8211; <a href='http:\/\/www.tribunasalamanca.com\/noticia\/80858\/Ferias-y-Fiestas-2012\/manolo-garc%C3%ADa-enamora.html' target=_new>ENLACE<\/a> &#8211; Galer\u00eda de Im\u00e1genes: <a href='http:\/\/www.tribunasalamanca.com\/galeria-multimedia\/index.asp?g=512' target=_new>ENLACE<\/a><\/p>\n","protected":false},"excerpt":{"rendered":"<p>Con el Multiusos S\u00e1nchez Para\u00edso a rebosar, el cantante deleit\u00f3 a los asistentes con canciones de toda su discograf\u00eda. Manolo Garc\u00eda apareci\u00f3 en el escenario. Con bast\u00f3n en mano, consigui\u00f3 una ovaci\u00f3n del p\u00fablico y comenz\u00f3 a tocar las canciones de su \u00faltimo disco \u2018Los d\u00edas intactos\u2019. La gente disfrutaba, \u00e9l viv\u00eda sus canciones, todo<a class=\"moretag\" href=\"https:\/\/www.manologarciaycia.com\/?p=3839\" title=\"MG: Manolo Garc\u00eda enamora\" target=\"_self\" rel=\"follow\"> <font face=arial size=2>[Leer m\u00e1s]<\/font> <\/a><\/p>\n","protected":false},"author":2,"featured_media":0,"comment_status":"closed","ping_status":"closed","sticky":false,"template":"","format":"standard","meta":{"footnotes":""},"categories":[1],"tags":[],"class_list":["post-3839","post","type-post","status-publish","format-standard","hentry","category-manolo-garcia"],"_links":{"self":[{"href":"https:\/\/www.manologarciaycia.com\/index.php?rest_route=\/wp\/v2\/posts\/3839","targetHints":{"allow":["GET"]}}],"collection":[{"href":"https:\/\/www.manologarciaycia.com\/index.php?rest_route=\/wp\/v2\/posts"}],"about":[{"href":"https:\/\/www.manologarciaycia.com\/index.php?rest_route=\/wp\/v2\/types\/post"}],"author":[{"embeddable":true,"href":"https:\/\/www.manologarciaycia.com\/index.php?rest_route=\/wp\/v2\/users\/2"}],"replies":[{"embeddable":true,"href":"https:\/\/www.manologarciaycia.com\/index.php?rest_route=%2Fwp%2Fv2%2Fcomments&post=3839"}],"version-history":[{"count":2,"href":"https:\/\/www.manologarciaycia.com\/index.php?rest_route=\/wp\/v2\/posts\/3839\/revisions"}],"predecessor-version":[{"id":3843,"href":"https:\/\/www.manologarciaycia.com\/index.php?rest_route=\/wp\/v2\/posts\/3839\/revisions\/3843"}],"wp:attachment":[{"href":"https:\/\/www.manologarciaycia.com\/index.php?rest_route=%2Fwp%2Fv2%2Fmedia&parent=3839"}],"wp:term":[{"taxonomy":"category","embeddable":true,"href":"https:\/\/www.manologarciaycia.com\/index.php?rest_route=%2Fwp%2Fv2%2Fcategories&post=3839"},{"taxonomy":"post_tag","embeddable":true,"href":"https:\/\/www.manologarciaycia.com\/index.php?rest_route=%2Fwp%2Fv2%2Ftags&post=3839"}],"curies":[{"name":"wp","href":"https:\/\/api.w.org\/{rel}","templated":true}]}}