{"id":3827,"date":"2012-09-14T08:50:34","date_gmt":"2012-09-14T06:50:34","guid":{"rendered":"http:\/\/www.manologarciaycia.com\/?p=3827"},"modified":"2012-09-14T08:51:30","modified_gmt":"2012-09-14T06:51:30","slug":"mg-manolo-garcia-congrega-a-miles-de-fans-en-el-multiusos","status":"publish","type":"post","link":"https:\/\/www.manologarciaycia.com\/?p=3827","title":{"rendered":"MG: Manolo Garc\u00eda congrega a miles de fans en el Multiusos"},"content":{"rendered":"<p><img loading=\"lazy\" decoding=\"async\" class=\"alignleft\" style=\"border: 2px solid grey;\" src=\"http:\/\/www.salamanca24horas.com\/images\/noticias\/mini1-1347573240.jpg\" alt=\"\" width=\"490\" height=\"317\" \/> El cantautor ha visitado la ciudad para presentar &#8216;Los d\u00edas intactos&#8217;. \u00abEl paso por Salamanca siempre me ha reportado alegr\u00edas, he tenido muy buena comunicaci\u00f3n con la gente\u00bb, asegura. <\/p>\n<p>El barcelon\u00e9s, que ya disfruta de su \u00e9xito en solitario tras sus triunfos anteriores con las bandas como Los Burros o El \u00daltimo de la Fila, ha hablado con SALAMANCA24HORAS sobre sus anteriores experiencias en la ciudad, qu\u00e9 podr\u00e1 encontrar el p\u00fablico charro en su espect\u00e1culo y alg\u00fan que otro asunto. Este jueves, el p\u00fablico salmantino podr\u00e1 disfrutar de la presentaci\u00f3n de &#8216;Los d\u00edas intactos&#8217;, el \u00faltimo trabajo de Manolo Garc\u00eda. Ser\u00e1 en el Multiusos S\u00e1nchez Para\u00edso a las 22:00 horas.<\/p>\n<p><b>&#8211; Si a Manolo Garc\u00eda le hablan de Salamanca \u00bfqu\u00e9 es lo primero en lo que piensa?<\/b><br \/>\n&#8211; Bueno, Salamanca es una ciudad muy bonita, tiene un pasado hist\u00f3rico y un legado cultural importantes\u2026 Adem\u00e1s personalmente, el paso por esta ciudad siempre me ha reportado alegr\u00edas, he tenido muy buena comunicaci\u00f3n con la gente y los conciertos siempre han sido muy c\u00e1lidos.<\/p>\n<p><b>&#8211; \u00bfQu\u00e9 es lo que m\u00e1s le gusta de ella?<\/b><br \/>\n&#8211; Soy un gran aficionado a las piedras,  y el pasado y el patrimonio cultural a nivel arquitect\u00f3nico suele ligarme mucho a las ciudades. Hay varias que considero joyas para observar: Toledo, Gerona, Granada\u2026 y Salamanca es una de ellas. Tiene mucho pasado y eso siempre hace a una ciudad interesante.<\/p>\n<p><b>&#8211; \u00bfQu\u00e9 van a poder encontrar los salmantinos en el espect\u00e1culo?<\/b><br \/>\n&#8211; Hay componentes que perviven: la ilusi\u00f3n, las ganas, ese punto de alegr\u00eda que siempre da ofrecer un concierto\u2026 Conseguir comunicar con la gente es una fuente de alegr\u00eda para el m\u00fasico, una percepci\u00f3n y una forma de ver el mundo, la vida y su poes\u00eda. A veces las circunstancias y las convenciones sociales nos hacen olvidarnos de la parte po\u00e9tica de la vida\u2026 y la m\u00fasica tiene que ayudarnos a recordarla.<\/p>\n<p><b>&#8211; \u00bfPodremos escuchar discos antiguos?<\/b><br \/>\n&#8211; S\u00ed, se podr\u00e1 escuchar de la mayor parte del disco nuevo y har\u00e9 un repaso bastante exhaustivo de anteriores trabajos, las canciones de siempre seguir\u00e1n ah\u00ed.<\/p>\n<p><b>&#8211; Salamanca siempre ha respondido bien a los conciertos que ha dado en la ciudad, \u00bfcree que esta vez se repetir\u00e1 la historia o que podr\u00edas encontrarte con una excepci\u00f3n?<\/b><br \/>\n&#8211; Yo entiendo que la gente de la provincia va a acudir\u2026 Es cierto que las circunstancias sociales actuales son diferentes; existe una degeneraci\u00f3n de la oferta cultural por razones obvias: posiblemente menguar\u00e1 la asistencia. Hay mucha gente con problemas graves. Sin embargo, la gente que acuda seguramente sea la misma que ha estado viniendo hasta ahora, y yo creo que va a salir contenta. La ilusi\u00f3n, las ganas, son potenciales que no se pierden nunca; al contrario, si las cosas van mal hay que trabajar m\u00e1s y cargar las tintas para poder mejorar y tirar para adelante.<\/p>\n<p><b>&#8211; \u00bfC\u00f3mo definir\u00eda su pr\u00f3ximo trabajo?<\/b><br \/>\n&#8211; Es m\u00e1s optimista, hay una nueva b\u00fasqueda de esperanza que en trabajos anteriores no ten\u00eda\u2026 Se podr\u00eda decir que es algo m\u00e1s indignado, pero de una manera positiva, alegre, quiz\u00e1s me alejo un poco de otras etapas en las que he buscado m\u00e1s el mestizaje. Se trata de un trabajo m\u00e1s rockero, de guitarra el\u00e9ctrica\u2026 una alusi\u00f3n a la euforia juvenil.<\/p>\n<p><b>&#8211; \u00bfAlg\u00fan lugar en el que le gustar\u00eda tocar y que a\u00fan no lo haya hecho?<\/b><br \/>\n&#8211; Estoy muy contento con los conciertos actuales, tanto en Espa\u00f1a como en Latinoam\u00e9rica\u2026 Y, como todo rockero, me atraen mucho Londres y Nueva York, y tengo la suerte de que ya he podido tocar en ambos. La verdad, en este aspecto estoy muy contento.<\/p>\n<p><b>&#8211;  \u00bfY alguna colaboraci\u00f3n que le gustar\u00eda hacer realidad?<\/b><br \/>\n&#8211; Hay much\u00edsimos m\u00fasicos a los que admiro, y con algunos de ellos ya he realizado colaboraciones. Pero si tuviera que escoger entre los dem\u00e1s\u2026 quiz\u00e1s eligiese a los Eagles o a John Cougar.<\/p>\n<p><b>&#8211;  Supongo que, con tantos conciertos a sus espaldas, tendr\u00e1 m\u00e1s de una an\u00e9cdota con tus seguidores que contar\u2026<\/b><br \/>\n&#8211; Bueno, podr\u00eda contar unas cuantas, tantos a\u00f1os dan para muchos episodios\u2026 Por ejemplo, una persona desde hace 20 a\u00f1os nos trae membrillos a los conciertos \u00a1ya le conocemos y es como de la familia! (Risas) La verdad es que suceden muchas cosas curiosas. Ah, y hubo una pareja que decidi\u00f3 casarse y hacer su luna de miel haciendo la gira con El \u00daltimo de la Fila.<\/p>\n<p><b>&#8211; \u00bfTiene alguna man\u00eda antes de subir al escenario?<\/b><br \/>\n&#8211; No s\u00e9 si podr\u00eda considerarse una man\u00eda\u2026 pero m\u00e1s o menos hago lo mismo que hace mucha gente: respirar profundamente para templar los nervios, hacer se\u00f1al de la cruz\u2026 Lo hago ya de una manera rutinaria, como un gesto simb\u00f3lico e intuitivo, como para pretender que todo salga bien.<\/p>\n<p><b>&#8211; \u00bfC\u00f3mo y cuando se uni\u00f3 al mundo de los m\u00fasicos?<\/b><br \/>\n&#8211; Empec\u00e9 muy joven, con catorce a\u00f1os, en un grupo del barrio. M\u00e1s tarde, con quince, empec\u00e9 a tocar en directo con ese grupo en fiestas, en localidades cercanas a la ciudad, bodas, eventos\u2026 entonces fue cuando empec\u00e9 a curtirme como m\u00fasico. Sin embargo, no fue hasta los veinticuatro cuando hubo un cambio importante\u2026 Con esa edad decid\u00ed que hab\u00eda aprendido bastante y empec\u00e9 a componer y crear por mi cuenta.<\/p>\n<p><b>&#8211; \u00bfQu\u00e9 m\u00fasica suena en su reproductor personal?<\/b><br \/>\n&#8211; Bueno, yo viajo bastante, as\u00ed que donde m\u00e1s m\u00fasica suena es en mi aparato de m\u00fasica port\u00e1til\u2026 Y escucho cosas muy variadas: Led Zeppelin, Bob Dylan, Camar\u00f3n, Jimi Hendrix\u2026 Tambi\u00e9n a Jos\u00e9 Ignacio Lapido y The Corrs. Y muchos grupos de los 70, de todos los estilos.<\/p>\n<p>Fuente: Salamanca24horas &#8211; <a href='http:\/\/www.salamanca24horas.com\/ferias-y-fiestas-2012\/73590-manolo-garcia-congrega-a-miles-de-fans-en-el-multiusos-6' target=_new>ENLACE<\/a>. Con galer\u00eda de fotos del p\u00fablico.<\/p>\n","protected":false},"excerpt":{"rendered":"<p>El cantautor ha visitado la ciudad para presentar &#8216;Los d\u00edas intactos&#8217;. \u00abEl paso por Salamanca siempre me ha reportado alegr\u00edas, he tenido muy buena comunicaci\u00f3n con la gente\u00bb, asegura. El barcelon\u00e9s, que ya disfruta de su \u00e9xito en solitario tras sus triunfos anteriores con las bandas como Los Burros o El \u00daltimo de la Fila,<a class=\"moretag\" href=\"https:\/\/www.manologarciaycia.com\/?p=3827\" title=\"MG: Manolo Garc\u00eda congrega a miles de fans en el Multiusos\" target=\"_self\" rel=\"follow\"> <font face=arial size=2>[Leer m\u00e1s]<\/font> <\/a><\/p>\n","protected":false},"author":2,"featured_media":0,"comment_status":"closed","ping_status":"closed","sticky":false,"template":"","format":"standard","meta":{"footnotes":""},"categories":[1],"tags":[],"class_list":["post-3827","post","type-post","status-publish","format-standard","hentry","category-manolo-garcia"],"_links":{"self":[{"href":"https:\/\/www.manologarciaycia.com\/index.php?rest_route=\/wp\/v2\/posts\/3827","targetHints":{"allow":["GET"]}}],"collection":[{"href":"https:\/\/www.manologarciaycia.com\/index.php?rest_route=\/wp\/v2\/posts"}],"about":[{"href":"https:\/\/www.manologarciaycia.com\/index.php?rest_route=\/wp\/v2\/types\/post"}],"author":[{"embeddable":true,"href":"https:\/\/www.manologarciaycia.com\/index.php?rest_route=\/wp\/v2\/users\/2"}],"replies":[{"embeddable":true,"href":"https:\/\/www.manologarciaycia.com\/index.php?rest_route=%2Fwp%2Fv2%2Fcomments&post=3827"}],"version-history":[{"count":2,"href":"https:\/\/www.manologarciaycia.com\/index.php?rest_route=\/wp\/v2\/posts\/3827\/revisions"}],"predecessor-version":[{"id":3829,"href":"https:\/\/www.manologarciaycia.com\/index.php?rest_route=\/wp\/v2\/posts\/3827\/revisions\/3829"}],"wp:attachment":[{"href":"https:\/\/www.manologarciaycia.com\/index.php?rest_route=%2Fwp%2Fv2%2Fmedia&parent=3827"}],"wp:term":[{"taxonomy":"category","embeddable":true,"href":"https:\/\/www.manologarciaycia.com\/index.php?rest_route=%2Fwp%2Fv2%2Fcategories&post=3827"},{"taxonomy":"post_tag","embeddable":true,"href":"https:\/\/www.manologarciaycia.com\/index.php?rest_route=%2Fwp%2Fv2%2Ftags&post=3827"}],"curies":[{"name":"wp","href":"https:\/\/api.w.org\/{rel}","templated":true}]}}