{"id":3785,"date":"2012-09-07T09:17:52","date_gmt":"2012-09-07T07:17:52","guid":{"rendered":"http:\/\/www.manologarciaycia.com\/?p=3785"},"modified":"2012-09-07T09:20:10","modified_gmt":"2012-09-07T07:20:10","slug":"mg-soy-una-persona-muy-apasionada-vehemente-y-carinosa-con-la-musica","status":"publish","type":"post","link":"https:\/\/www.manologarciaycia.com\/?p=3785","title":{"rendered":"MG: \u00abSoy una persona muy apasionada, vehemente y cari\u00f1osa con la m\u00fasica\u00bb"},"content":{"rendered":"<p><a href=\"http:\/\/www.manologarciaycia.com\/wp-content\/uploads\/2012\/09\/MG_Olivenza.jpg\"><img loading=\"lazy\" decoding=\"async\" class=\"alignleft  wp-image-3786\" title=\"MG_Olivenza\" src=\"http:\/\/www.manologarciaycia.com\/wp-content\/uploads\/2012\/09\/MG_Olivenza.jpg\" alt=\"\" width=\"232\" height=\"454\" srcset=\"https:\/\/www.manologarciaycia.com\/wp-content\/uploads\/2012\/09\/MG_Olivenza.jpg 474w, https:\/\/www.manologarciaycia.com\/wp-content\/uploads\/2012\/09\/MG_Olivenza-153x300.jpg 153w\" sizes=\"auto, (max-width: 232px) 100vw, 232px\" \/><\/a> 6\/9\/2012. El artista catal\u00e1n se revelar\u00e1 este viernes en Olivenza con la carga el\u00e9ctrica e intenci\u00f3n po\u00e9tica de su gira 2012.<\/p>\n<p>Manolo Garc\u00eda, artista consagrado en el panorama nacional, estar\u00e1 el viernes en la plaza de toros de Olivenza, donde ofrecer\u00e1 su \u00fanico concierto en Extremadura enmarcado en la gira teatral 2012 \u2018Los d\u00edas intactos\u2019.<\/p>\n<p><strong>\u00bfC\u00f3mo podemos calificar la gira 2012? \u00bfPor qu\u00e9 Olivenza como elecci\u00f3n para presentarla en Extremadura?<\/strong><br \/>\n<em>Se trata de una gira planteada en un principio como intimista y ac\u00fastica, aunque finalmente ha resultado ser una gira mezclada, con partes m\u00e1s ac\u00fasticas y suaves hasta llegar a un sonido el\u00e9ctrico-rockero. Una gira que pretender calar y provocar vibraciones en el cuerpo de los oyentes. La gira dio comienzo el pasado d\u00eda 24 de febrero, y desde entonces ha sido un triunfo en todos los escenarios teatrales por los que ha pasado. En ocasiones anteriores he visitado otros sitios de Extremadura. Badajoz, Don Benito, M\u00e9rida o C\u00e1ceres. Ahora el lugar elegido ha sido Olivenza, supongo que ante las facilidades ofrecidas, ya que una gira teatral no se puede montar en cualquier sitio, y Olivenza tiene la capacidad de montaje y escenario necesaria.<\/em><\/p>\n<p><strong>\u00bfQu\u00e9 ofrecer\u00e1 Manolo Garc\u00eda a los extreme\u00f1os en la plaza de toros oliventina?<\/strong><br \/>\n<em>En el concierto, de unas dos horas de duraci\u00f3n, presentar\u00e9 mi \u00faltimo disco \u2018Los d\u00edas intactos\u2019, acompa\u00f1ado de mi banda. De las 14 canciones, interpretar\u00e9 unas diez, como \u2018Sombra de la sombra de tu sombrero\u2019 o \u2018Todos amamos desesperadamente\u2019, adem\u00e1s de hacer un repaso a canciones conocidas ya por el p\u00fablico y que han tenido gran repercusi\u00f3n, algunas de ellas renovadas e incluso con arreglos, ya que es importante que cada gira cuente con nuevas motivaciones para el p\u00fablico que me ha seguido hasta ahora. Entre ellas, se podr\u00e1 escuchar \u2018Malva\u2019, \u2018Aviones plateados\u2019 o \u2018P\u00e1jaros de barro\u2019, una canci\u00f3n que no falta nunca en los conciertos, porque el p\u00fablico la pide y porque ha tenido buena acogida desde la publicaci\u00f3n de mi primer disco en solitario, un momento muy serio para m\u00ed ese, en el inicio de mi carrera en solitario, que dio comienzo en el a\u00f1o 1998.<\/em><\/p>\n<p> noticia\/entrevista completa.<\/p>\n<p><strong>\u00bfPor qu\u00e9 una gira teatral?<\/strong><br \/>\n<em>Cuando dio comienzo la gira de este a\u00f1o, en invierno, pens\u00e9 la gira en teatros porque en cuanto a ac\u00fastica son lugares \u00f3ptimos, aunque ahora con la llegada del buen tiempo hayamos hecho algo al aire libre, siempre con formatos medios, ya que los tiempos no est\u00e1n para lo contrario. El p\u00fablico se muestra contento porque hay una proximidad y una cercan\u00eda, no s\u00f3lo f\u00edsica, sino tambi\u00e9n en el \u00e1nimo a la hora de compartir la m\u00fasica. El nombre de la gira tiene que ver con la importancia que supone el d\u00eda a d\u00eda, ya que soy una persona bastante callejera y muy dada a curiosear en todos los temas de la sociedad, tanto econ\u00f3micos como sociales.<\/em><\/p>\n<p><strong>\u00bfC\u00f3mo es Manolo Garc\u00eda?<\/strong><br \/>\n<em>Soy una persona a la que le gusta observar la vida, lo cotidiano, algo con lo que se aprende en cada momento y algo que a m\u00ed me da canciones. Sin embargo, existe una nube oscura que nos tiene a todos atemorizados, por lo que la m\u00fasica puede ser una manera de entender algo m\u00e1s la situaci\u00f3n, gracias a la carga el\u00e9ctrica e intenci\u00f3n po\u00e9tica que transmite, lo que ayuda a compartir las sensaciones y la emoci\u00f3n de vivir y de la existencia, adem\u00e1s de tener siempre esperanza.<\/em><\/p>\n<p><strong>Durante su trayectoria musical hemos podido disfrutar de varias influencias, como la \u00e1rabe o la mediterr\u00e1nea. Ahora, se acerca a la parte m\u00e1s rockera de Manolo Garc\u00eda \u00bfVa a seguir en esta l\u00ednea?<\/strong><br \/>\n<em>Desde ni\u00f1o me ha gustado el rock. De hecho, es el estilo con el que he crecido, aunque hasta ahora no lo hab\u00eda practicado en mi carrera en solitario. En mi propuesta en soli tario he pasado por una m\u00fasica de mestizaje. Ahora, \u2018Los d\u00edas intactos\u2019 me sirven para revelarme y reencontrarme y mostrar esa parte de rabia e indignaci\u00f3n que todos llevamos dentro ante las injusticias sociales, ya que es mi manera de cambiar el temporal, pues la m\u00fasica es un instrumento que se puede utilizar como una reivindicaci\u00f3n para cambiar la situaci\u00f3n actual, mediante la b\u00fasqueda de la dignidad y de la \u00e9tica propia. Para pr\u00f3ximos trabajos tomar\u00e9 una nueva direcci\u00f3n, no concibo presentar nuevos trabajos con repetici\u00f3n de esquemas. Cualquier persona que sube a un escenario y suelta un discurso, en este caso musical, es un ejemplo en el que se ven reflejadas muchas personas. La m\u00fasica puede tomar mil caminos, y uno es este, el de la implicaci\u00f3n politica y social, tan bueno como cualquier otro. <\/em><\/p>\n<p><strong>\u00bfQu\u00e9 lleva Manolo Garc\u00eda por bandera all\u00e1 por donde va su m\u00fasica?<\/strong><br \/>\n<em>Lo primero para mi es el respeto por el p\u00fablico. Ello implica tantas cosas que con esta \u00fanica bandera ya puedes avanzar much\u00edsimo. El respeto implica seriedad a la hora de trabajar en un disco nuevo, a la hora de proponer nuevos conciertos y de presentar cualquier trabajo, para que la gente pueda disfrutar de ello como merece.<\/em><\/p>\n<p><strong>Para que nuestros lectores conozcan su parte m\u00e1s \u00edntima. \u00bfC\u00f3mo es su car\u00e1cter?<\/strong><br \/>\n<em>(Carcajadas) Soy una persona muy apasionada, vehemente y cari\u00f1osa con la profesi\u00f3n. Desde muy joven decid\u00ed que lo m\u00edo era la m\u00fasica y desde entonces he cogido m\u00e1s cari\u00f1o si cabe a ello. Soy una persona muy apegada al d\u00eda a d\u00eda y agradezco las posibilidades que me ha brindado la vida.<\/em><\/p>\n<p><strong>Lo m\u00e1s gratificante de un concierto&#8230;<\/strong><br \/>\n<em>Lo m\u00e1s gratificante es ver al p\u00fablico c\u00f3mo disfruta del concierto y c\u00f3mo se pone de manifiesto el poder de la m\u00fasica y de las canciones en directo. Una situaci\u00f3n que aunque pasen los a\u00f1os me sigue sorprendiendo y emocionando. La mayor sorpresa que puedo tener el viernes en Olivenza es el asombro que me produce salir al escenario y ver que la gente disfruta oon la m\u00fasica y durante unas horas olvida los problemas del d\u00eda a d\u00eda y entra de lleno en el concierto y en la m\u00fasica en especial.<\/em><\/p>\n<p>Fuente: Edici\u00f3n Impresa Hoy<\/p>\n","protected":false},"excerpt":{"rendered":"<p>6\/9\/2012. El artista catal\u00e1n se revelar\u00e1 este viernes en Olivenza con la carga el\u00e9ctrica e intenci\u00f3n po\u00e9tica de su gira 2012. Manolo Garc\u00eda, artista consagrado en el panorama nacional, estar\u00e1 el viernes en la plaza de toros de Olivenza, donde ofrecer\u00e1 su \u00fanico concierto en Extremadura enmarcado en la gira teatral 2012 \u2018Los d\u00edas intactos\u2019.<a class=\"moretag\" href=\"https:\/\/www.manologarciaycia.com\/?p=3785\" title=\"MG: \u00abSoy una persona muy apasionada, vehemente y cari\u00f1osa con la m\u00fasica\u00bb\" target=\"_self\" rel=\"follow\"> <font face=arial size=2>[Leer m\u00e1s]<\/font> <\/a><\/p>\n","protected":false},"author":2,"featured_media":0,"comment_status":"closed","ping_status":"closed","sticky":false,"template":"","format":"standard","meta":{"footnotes":""},"categories":[1],"tags":[],"class_list":["post-3785","post","type-post","status-publish","format-standard","hentry","category-manolo-garcia"],"_links":{"self":[{"href":"https:\/\/www.manologarciaycia.com\/index.php?rest_route=\/wp\/v2\/posts\/3785","targetHints":{"allow":["GET"]}}],"collection":[{"href":"https:\/\/www.manologarciaycia.com\/index.php?rest_route=\/wp\/v2\/posts"}],"about":[{"href":"https:\/\/www.manologarciaycia.com\/index.php?rest_route=\/wp\/v2\/types\/post"}],"author":[{"embeddable":true,"href":"https:\/\/www.manologarciaycia.com\/index.php?rest_route=\/wp\/v2\/users\/2"}],"replies":[{"embeddable":true,"href":"https:\/\/www.manologarciaycia.com\/index.php?rest_route=%2Fwp%2Fv2%2Fcomments&post=3785"}],"version-history":[{"count":6,"href":"https:\/\/www.manologarciaycia.com\/index.php?rest_route=\/wp\/v2\/posts\/3785\/revisions"}],"predecessor-version":[{"id":3791,"href":"https:\/\/www.manologarciaycia.com\/index.php?rest_route=\/wp\/v2\/posts\/3785\/revisions\/3791"}],"wp:attachment":[{"href":"https:\/\/www.manologarciaycia.com\/index.php?rest_route=%2Fwp%2Fv2%2Fmedia&parent=3785"}],"wp:term":[{"taxonomy":"category","embeddable":true,"href":"https:\/\/www.manologarciaycia.com\/index.php?rest_route=%2Fwp%2Fv2%2Fcategories&post=3785"},{"taxonomy":"post_tag","embeddable":true,"href":"https:\/\/www.manologarciaycia.com\/index.php?rest_route=%2Fwp%2Fv2%2Ftags&post=3785"}],"curies":[{"name":"wp","href":"https:\/\/api.w.org\/{rel}","templated":true}]}}