{"id":3777,"date":"2012-09-06T11:57:44","date_gmt":"2012-09-06T09:57:44","guid":{"rendered":"http:\/\/www.manologarciaycia.com\/?p=3777"},"modified":"2012-09-06T11:59:38","modified_gmt":"2012-09-06T09:59:38","slug":"mg-los-dias-intactos-lanza-un-mensaje-de-alegria-y-de-luz","status":"publish","type":"post","link":"https:\/\/www.manologarciaycia.com\/?p=3777","title":{"rendered":"MG: \u00ab&#8216;Los d\u00edas intactos&#8217; lanza un mensaje de alegr\u00eda y de luz\u00bb"},"content":{"rendered":"<p><img loading=\"lazy\" decoding=\"async\" class=\"alignright\" src=\"http:\/\/zetaestaticos.com\/extremadura\/img\/noticias\/0\/678\/678758_1.jpg\" alt=\"\" width=\"560\" height=\"295\" \/> El cantante presenta su nuevo disco &#8216;Los d\u00edas intactos&#8217; en la plaza de toros de Olivenza ma\u00f1ana viernes en el \u00fanico concierto de esta gira, de formato peque\u00f1o, que dar\u00e1 en la regi\u00f3n.<\/p>\n<p>&#8212; \u00bfC\u00f3mo es el p\u00fablico extreme\u00f1o?<\/p>\n<p>&#8211;He estado en dos giras seguida, en Don Benito, M\u00e9rida, C\u00e1ceres, Badajoz..El p\u00fablico extreme\u00f1o es muy c\u00e1lido y muy generoso, como todos en general, cuando t\u00fa eres c\u00e1lido y generoso, el p\u00fablico aprecia tu entrega. Si no eres as\u00ed, es un p\u00fablico extreme\u00f1o es muy serio.<\/p>\n<p>&#8211;Defina &#8216;Los d\u00edas intactos&#8217;.<\/p>\n<p>&#8211;Un trabajo m\u00e1s rockero, con m\u00e1s guitarras el\u00e9ctricas y con un mensaje de optimismo porque en estos tiempos necesitamos mensajes de alegr\u00eda, de luz y de esperanza. La cosa est\u00e1 crudilla y mi disco tiene una intenci\u00f3n de participaci\u00f3n y de combatir, de ver esa necesidad de luz.<\/p>\n<p>&#8211;\u00bfQu\u00e9 les dir\u00eda a los que opinan que Manolo Garc\u00eda es m\u00e1s de lo mismo y por esos les gusta y a los que no les gusta porque es m\u00e1s de lo mismo?<\/p>\n<p>&#8212;Les dir\u00eda que mis discos han ido cambiando. Grabo en estudios diferentes y con m\u00fasicos diferentes, buscando esa variedad.<\/p>\n<p>Obviamente la voz y el timbre m\u00edos son los mismos, aunque tambi\u00e9n voy cambiando con el tiempo, y tambi\u00e9n con los a\u00f1os ha cambiado mi forma de interpretar. Pero el resto de instrumentos, excepto la voz, en cada disco son diferentes. Tambi\u00e9n mi tem\u00e1tica cambia, pero no quiero que parezca que me estoy defendiendo de un ataque porque no lo considero como tal, es una opini\u00f3n. Si alguien me lo dice, yo le dir\u00e9 que no estoy de acuerdo, pero es su opini\u00f3n.<\/p>\n<p>&#8212;Acaba de subir el IVA, \u00bfmalos tiempos para la l\u00edrica?<\/p>\n<p>&#8211;Malos tiempos para el ciudadano de a pie, para la gente que sin comerlo ni beberlo, se ha visto metida en este tinglado al que nos han llevado unos pocos para su beneficio. Y en la cultural es como en cualquier otro sector. Evidentemente, antes que la cultura est\u00e1 la sanidad, la ense\u00f1anza,que miles de familias puedan llegar a fin de mes y comprarles zapatos a sus hijos. Eso es grav\u00edsimo, me parece brutal y no podemos admitirlo. Y la cultura es como la ciencia, si la gente se tiene que marchar, esto va a ser un secarral, un yermo, La cultura popular, no la institucional, es una riqueza inmensa para miles de personas, que nos hace mejores y que nos ayuda a contar la vida de una manera razonable y correcta. La subida del IVA es un mazazo.<\/p>\n<p>&#8211;La m\u00fasica, los libros, el cine&#8230;\u00bfson un ant\u00eddoto ?<\/p>\n<p>&#8211;Absolutamente, todas las artes lo son, le dan sentido a la vida, luminosidad a los d\u00edas. Creo que la cultura nos hace personas m\u00e1s abiertas. Sin eso, la vida se reduce a ver el telediario y a escuchar qu\u00e9 Rajoy y que Merkel dice no s\u00e9 cuantos o que Montoro nos est\u00e1 acojonando cada vez m\u00e1s.<\/p>\n<p>&#8211;Cu\u00e1l es el hilo conductor de &#8216;Los d\u00edas intactos&#8217;?<\/p>\n<p>&#8211;El t\u00edtulo deja entrever la intenci\u00f3n: cada d\u00eda es nuevo, irrepetible, un regalo porque estamos aqu\u00ed. Para los que est\u00e1n bien, d\u00edas felices, y para los que no, porque no les va bien, para que piensen en que es un regalo y como dec\u00eda Santa Teresa: una gota de agua no hace el mar pero sin las gotas no ser\u00eda lo mismo. Un disco con ganas de mejorar, de estar alegres, de animar, de dar conciertos que le gusten a la gente. Para avanzar con valent\u00eda y sin miedo.<\/p>\n<p>Fuente: Peri\u00f3dico de Extremadura &#8211; <a href=\"http:\/\/www.elperiodicoextremadura.com\/noticias\/sociedad\/los-dias-intactos-lanza-un-mensaje-de-alegria-y-de-luz-_678758.html\" target=\"_new\">ENLACE<\/a><\/p>\n","protected":false},"excerpt":{"rendered":"<p>El cantante presenta su nuevo disco &#8216;Los d\u00edas intactos&#8217; en la plaza de toros de Olivenza ma\u00f1ana viernes en el \u00fanico concierto de esta gira, de formato peque\u00f1o, que dar\u00e1 en la regi\u00f3n. &#8212; \u00bfC\u00f3mo es el p\u00fablico extreme\u00f1o? &#8211;He estado en dos giras seguida, en Don Benito, M\u00e9rida, C\u00e1ceres, Badajoz..El p\u00fablico extreme\u00f1o es muy<a class=\"moretag\" href=\"https:\/\/www.manologarciaycia.com\/?p=3777\" title=\"MG: \u00ab&#8216;Los d\u00edas intactos&#8217; lanza un mensaje de alegr\u00eda y de luz\u00bb\" target=\"_self\" rel=\"follow\"> <font face=arial size=2>[Leer m\u00e1s]<\/font> <\/a><\/p>\n","protected":false},"author":2,"featured_media":0,"comment_status":"closed","ping_status":"closed","sticky":false,"template":"","format":"standard","meta":{"footnotes":""},"categories":[1],"tags":[],"class_list":["post-3777","post","type-post","status-publish","format-standard","hentry","category-manolo-garcia"],"_links":{"self":[{"href":"https:\/\/www.manologarciaycia.com\/index.php?rest_route=\/wp\/v2\/posts\/3777","targetHints":{"allow":["GET"]}}],"collection":[{"href":"https:\/\/www.manologarciaycia.com\/index.php?rest_route=\/wp\/v2\/posts"}],"about":[{"href":"https:\/\/www.manologarciaycia.com\/index.php?rest_route=\/wp\/v2\/types\/post"}],"author":[{"embeddable":true,"href":"https:\/\/www.manologarciaycia.com\/index.php?rest_route=\/wp\/v2\/users\/2"}],"replies":[{"embeddable":true,"href":"https:\/\/www.manologarciaycia.com\/index.php?rest_route=%2Fwp%2Fv2%2Fcomments&post=3777"}],"version-history":[{"count":2,"href":"https:\/\/www.manologarciaycia.com\/index.php?rest_route=\/wp\/v2\/posts\/3777\/revisions"}],"predecessor-version":[{"id":3779,"href":"https:\/\/www.manologarciaycia.com\/index.php?rest_route=\/wp\/v2\/posts\/3777\/revisions\/3779"}],"wp:attachment":[{"href":"https:\/\/www.manologarciaycia.com\/index.php?rest_route=%2Fwp%2Fv2%2Fmedia&parent=3777"}],"wp:term":[{"taxonomy":"category","embeddable":true,"href":"https:\/\/www.manologarciaycia.com\/index.php?rest_route=%2Fwp%2Fv2%2Fcategories&post=3777"},{"taxonomy":"post_tag","embeddable":true,"href":"https:\/\/www.manologarciaycia.com\/index.php?rest_route=%2Fwp%2Fv2%2Ftags&post=3777"}],"curies":[{"name":"wp","href":"https:\/\/api.w.org\/{rel}","templated":true}]}}