{"id":3772,"date":"2012-09-05T09:35:22","date_gmt":"2012-09-05T07:35:22","guid":{"rendered":"http:\/\/www.manologarciaycia.com\/?p=3772"},"modified":"2012-09-05T09:35:22","modified_gmt":"2012-09-05T07:35:22","slug":"mg-manolo-garcia-ofrecera-una-segunda-actuacion-en-bilbao","status":"publish","type":"post","link":"https:\/\/www.manologarciaycia.com\/?p=3772","title":{"rendered":"MG: Manolo Garc\u00eda ofrecer\u00e1 una segunda actuaci\u00f3n en Bilbao"},"content":{"rendered":"<p>El cantante Manolo Garc\u00eda har\u00e1 doblete en su pr\u00f3xima visita a Bilbao. El compositor barcelon\u00e9s ofrecer\u00e1 un segundo concierto el <strong>12 de octubre en el Palacio Euskalduna<\/strong>, un d\u00eda despu\u00e9s de la primera actuaci\u00f3n prevista para las 21.00 horas. Las entradas, que oscilan entre los 28 y 39 euros, <strong>se pondr\u00e1n comprar a partir de hoy en los diferentes puntos de venta de la BBK.<\/strong><\/p>\n<p>Manolo Garc\u00eda presentar\u00e1 sobre el escenario las canciones de &#8216;Los d\u00edas intactos&#8217;, su \u00faltimo trabajo y el quinto de su carrera en solitario. El \u00e1lbum es ya Triple Disco de Platino y se encuentra entre los discos m\u00e1s vendidos encabezando las listas de \u00e9xitos espa\u00f1olas.<\/p>\n<p>Sobre un escenario dise\u00f1ado por el propio artista y decorado sobre todo con motivos marineros, el popular artista interpretar\u00e1 muchos de los temas de &#8216;Los d\u00edas intactos&#8217; como el primer single &#8216;Un giro teatral, pero realizar\u00e1 tambi\u00e9n lo que \u00e9l mismo define como \u00abun repaso equilibrado\u00bb al resto de su amplia discograf\u00eda, tanto en solitario como en grupo.<\/p>\n<p>Las 14 canciones que integran el nuevo disco mantienen el esp\u00edritu pop-rock mel\u00f3dico y se acercan a los ritmos urbanos con unas letras que, como de costumbre en su trayectoria, transmiten la finura po\u00e9tica que caracteriza al autor.<\/p>\n<p>Grabado entre su habitual estudio de Girona, Music Lan Recording Studios, y el Ocean Way Recording de Los Angeles, donde han trabajado artistas de la talla de Frank Sinatra, Ray Charles, y Nat King Cole, por citar unos pocos, este \u00e1lbum cuenta con la participaci\u00f3n de los guitarristas Waddy Watchel y Mark Goldengerg, los bajistas Leland Sklar y Bob Glaub, y el bater\u00eda Kenny Aronoff. M\u00fasicos que han colaborado con grandes de la m\u00fasica como Bob Dylan, Keith Richards, Tom Waits y los Rolling Stones, entre otros tantos.<\/p>\n<p>Fuente: El Correo &#8211; <a href='http:\/\/www.elcorreo.com\/vizcaya\/v\/20120905\/cultura\/manolo-garcia-ofrecera-segunda-20120905.html' target=_new>ENLACE<\/a><\/p>\n","protected":false},"excerpt":{"rendered":"<p>El cantante Manolo Garc\u00eda har\u00e1 doblete en su pr\u00f3xima visita a Bilbao. El compositor barcelon\u00e9s ofrecer\u00e1 un segundo concierto el 12 de octubre en el Palacio Euskalduna, un d\u00eda despu\u00e9s de la primera actuaci\u00f3n prevista para las 21.00 horas. Las entradas, que oscilan entre los 28 y 39 euros, se pondr\u00e1n comprar a partir de<a class=\"moretag\" href=\"https:\/\/www.manologarciaycia.com\/?p=3772\" title=\"MG: Manolo Garc\u00eda ofrecer\u00e1 una segunda actuaci\u00f3n en Bilbao\" target=\"_self\" rel=\"follow\"> <font face=arial size=2>[Leer m\u00e1s]<\/font> <\/a><\/p>\n","protected":false},"author":2,"featured_media":0,"comment_status":"closed","ping_status":"closed","sticky":false,"template":"","format":"standard","meta":{"footnotes":""},"categories":[1],"tags":[],"class_list":["post-3772","post","type-post","status-publish","format-standard","hentry","category-manolo-garcia"],"_links":{"self":[{"href":"https:\/\/www.manologarciaycia.com\/index.php?rest_route=\/wp\/v2\/posts\/3772","targetHints":{"allow":["GET"]}}],"collection":[{"href":"https:\/\/www.manologarciaycia.com\/index.php?rest_route=\/wp\/v2\/posts"}],"about":[{"href":"https:\/\/www.manologarciaycia.com\/index.php?rest_route=\/wp\/v2\/types\/post"}],"author":[{"embeddable":true,"href":"https:\/\/www.manologarciaycia.com\/index.php?rest_route=\/wp\/v2\/users\/2"}],"replies":[{"embeddable":true,"href":"https:\/\/www.manologarciaycia.com\/index.php?rest_route=%2Fwp%2Fv2%2Fcomments&post=3772"}],"version-history":[{"count":1,"href":"https:\/\/www.manologarciaycia.com\/index.php?rest_route=\/wp\/v2\/posts\/3772\/revisions"}],"predecessor-version":[{"id":3773,"href":"https:\/\/www.manologarciaycia.com\/index.php?rest_route=\/wp\/v2\/posts\/3772\/revisions\/3773"}],"wp:attachment":[{"href":"https:\/\/www.manologarciaycia.com\/index.php?rest_route=%2Fwp%2Fv2%2Fmedia&parent=3772"}],"wp:term":[{"taxonomy":"category","embeddable":true,"href":"https:\/\/www.manologarciaycia.com\/index.php?rest_route=%2Fwp%2Fv2%2Fcategories&post=3772"},{"taxonomy":"post_tag","embeddable":true,"href":"https:\/\/www.manologarciaycia.com\/index.php?rest_route=%2Fwp%2Fv2%2Ftags&post=3772"}],"curies":[{"name":"wp","href":"https:\/\/api.w.org\/{rel}","templated":true}]}}