{"id":3762,"date":"2012-09-01T10:17:28","date_gmt":"2012-09-01T08:17:28","guid":{"rendered":"http:\/\/www.manologarciaycia.com\/?p=3762"},"modified":"2012-09-01T10:17:28","modified_gmt":"2012-09-01T08:17:28","slug":"mg-oferta-entradas-olivenza-a-17e","status":"publish","type":"post","link":"https:\/\/www.manologarciaycia.com\/?p=3762","title":{"rendered":"MG: Oferta, entradas Olivenza a 17\u20ac"},"content":{"rendered":"<p><img loading=\"lazy\" decoding=\"async\" alt=\"\" src=\"http:\/\/oferplan.hoy.es\/themes\/site_themes\/vocento\/img\/layout\/logotipoOferplan.png\" class=\"alignright\" width=\"249\" height=\"99\" \/> Entradas para el Concierto de Manolo Garc\u00eda, Gira \u201cLos d\u00edas intactos\u201d, para el pr\u00f3ximo Viernes 7 de septiembre 2012. 22:30 h. en la Plaza de Toros de Olivenza a 17\u20ac.<\/p>\n<p>El pr\u00f3ximo 7 de septiembre, Manolo Garc\u00eda ofrecer\u00e1 un concierto en la localidad pacense de Olivenza, donde presentar\u00e1 su \u00faltimo trabajo \u2018Los d\u00edas intactos\u2019. El acto tendr\u00e1 lugar en la plaza de toros de la localidad otorgando as\u00ed la cercan\u00eda que tanto gusta al artista y a su p\u00fablico. Ser\u00e1 el \u00fanico concierto de la Gira en tierras extreme\u00f1as.<\/p>\n<p><a href='http:\/\/oferplan.hoy.es\/plan-oferta\/extremadura\/entradas_para_el_concierto_manolo_garcia_en_olivenza\/284' target=_new>ENLACE<\/a> a OferPlan.hoy.es<\/p>\n","protected":false},"excerpt":{"rendered":"<p>Entradas para el Concierto de Manolo Garc\u00eda, Gira \u201cLos d\u00edas intactos\u201d, para el pr\u00f3ximo Viernes 7 de septiembre 2012. 22:30 h. en la Plaza de Toros de Olivenza a 17\u20ac. El pr\u00f3ximo 7 de septiembre, Manolo Garc\u00eda ofrecer\u00e1 un concierto en la localidad pacense de Olivenza, donde presentar\u00e1 su \u00faltimo trabajo \u2018Los d\u00edas intactos\u2019. El<a class=\"moretag\" href=\"https:\/\/www.manologarciaycia.com\/?p=3762\" title=\"MG: Oferta, entradas Olivenza a 17\u20ac\" target=\"_self\" rel=\"follow\"> <font face=arial size=2>[Leer m\u00e1s]<\/font> <\/a><\/p>\n","protected":false},"author":2,"featured_media":0,"comment_status":"closed","ping_status":"closed","sticky":false,"template":"","format":"standard","meta":{"footnotes":""},"categories":[1],"tags":[],"class_list":["post-3762","post","type-post","status-publish","format-standard","hentry","category-manolo-garcia"],"_links":{"self":[{"href":"https:\/\/www.manologarciaycia.com\/index.php?rest_route=\/wp\/v2\/posts\/3762","targetHints":{"allow":["GET"]}}],"collection":[{"href":"https:\/\/www.manologarciaycia.com\/index.php?rest_route=\/wp\/v2\/posts"}],"about":[{"href":"https:\/\/www.manologarciaycia.com\/index.php?rest_route=\/wp\/v2\/types\/post"}],"author":[{"embeddable":true,"href":"https:\/\/www.manologarciaycia.com\/index.php?rest_route=\/wp\/v2\/users\/2"}],"replies":[{"embeddable":true,"href":"https:\/\/www.manologarciaycia.com\/index.php?rest_route=%2Fwp%2Fv2%2Fcomments&post=3762"}],"version-history":[{"count":1,"href":"https:\/\/www.manologarciaycia.com\/index.php?rest_route=\/wp\/v2\/posts\/3762\/revisions"}],"predecessor-version":[{"id":3763,"href":"https:\/\/www.manologarciaycia.com\/index.php?rest_route=\/wp\/v2\/posts\/3762\/revisions\/3763"}],"wp:attachment":[{"href":"https:\/\/www.manologarciaycia.com\/index.php?rest_route=%2Fwp%2Fv2%2Fmedia&parent=3762"}],"wp:term":[{"taxonomy":"category","embeddable":true,"href":"https:\/\/www.manologarciaycia.com\/index.php?rest_route=%2Fwp%2Fv2%2Fcategories&post=3762"},{"taxonomy":"post_tag","embeddable":true,"href":"https:\/\/www.manologarciaycia.com\/index.php?rest_route=%2Fwp%2Fv2%2Ftags&post=3762"}],"curies":[{"name":"wp","href":"https:\/\/api.w.org\/{rel}","templated":true}]}}