{"id":3759,"date":"2012-09-01T10:15:17","date_gmt":"2012-09-01T08:15:17","guid":{"rendered":"http:\/\/www.manologarciaycia.com\/?p=3759"},"modified":"2012-09-01T10:15:36","modified_gmt":"2012-09-01T08:15:36","slug":"mg-marea-el-13-de-octubre-y-manolo-garcia-el-30-de-noviembre-iran-al-iradier-arena","status":"publish","type":"post","link":"https:\/\/www.manologarciaycia.com\/?p=3759","title":{"rendered":"MG: Marea, el 13 de octubre, y Manolo Garc\u00eda, el 30 de noviembre, ir\u00e1n al Iradier Arena"},"content":{"rendered":"<p><img loading=\"lazy\" decoding=\"async\" class=\"alignleft\" src=\"http:\/\/static.noticiasdealava.com\/images\/2012\/09\/01\/import_12011433_11.jpg\" alt=\"\" width=\"409\" height=\"263\" \/> Los dos lo har\u00e1n en el Iradier Arena y ambos con la colaboraci\u00f3n de DIARIO DE NOTICIAS DE \u00c1LAVA. Marea y Manolo Garc\u00eda tienen cita con la capital alavesa. Los navarros, en la \u00faltima fecha en Euskal Herria de su gira En mi hambre mando yo, tocar\u00e1n el 13 de octubre. El ex de El \u00daltimo de la Fila har\u00e1 lo propio el 30 de noviembre con su \u00faltimo disco, Los d\u00edas intactos, debajo del brazo.<\/p>\n<p>Tambi\u00e9n ha pasado lo suyo desde la \u00faltima ocasi\u00f3n en la que Garc\u00eda y la capital alavesa se vieron las caras, algo que se ten\u00eda que haber remediado en 2005 en el Buesa Arena, aunque al final no se produjo la cita.<\/p>\n<p>As\u00ed que estos dos conciertos en el escenario del Iradier Arena se presentan como una ocasi\u00f3n inmejorable para volver a disfrutar con la m\u00fasica tanto de Marea como de Manolo Garc\u00eda.<\/p>\n<p>\nEs m\u00e1s, en el caso de los Berriozar las entradas estar\u00e1n a la venta por 22 euros en anticipada, aunque aquellos que esperen a pasar por taquilla deber\u00e1n abonar 25. Las puertas del coso se abrir\u00e1n a las 21.00 horas y est\u00e1 previsto que el concierto arranque a las 22.00 horas. En el caso de la capital alavesa, los pases se podr\u00e1n conseguir en los bares El Globo, Black Moon y Pura Vida, as\u00ed como en Disco Laser. Adem\u00e1s, habr\u00e1 tickets disponibles en Agurain (Bar Ibaia), Arrigorriaga (Sorgi\u00f1e) y Bilbao (Power Records). En el caso del cantante y compositor de El Poblenou, todav\u00eda habr\u00e1 que esperar un poco para dar m\u00e1s detalles.<\/p>\n<p>Tras el paso de Melendi el pasado mes de mayo por el Iradier Arena, tambi\u00e9n con la colaboraci\u00f3n de DNA, el espacio recibir\u00e1 el pr\u00f3ximo d\u00eda 8 a Leo Harlem con un aforo reducido a unas mil personas. En octubre, la m\u00fasica volver\u00e1 a ser protagonista de la mano de los de Kutxi Romero, que est\u00e1n colgando el cartel de completo en casi todas sus citas con el p\u00fablico. Lo cierto es que ha llovido lo suyo desde la \u00faltima vez que los navarros actuaron en Gasteiz. Es m\u00e1s, cabe recordar que el grupo ten\u00eda previsto tocar en Mendizorroza en 2008 pero la cita se tuvo que suspender por la lesi\u00f3n en la mu\u00f1eca de uno de sus componentes.<\/p>\n<p>Fuente: Noticias de Alava &#8211; <a href=\"http:\/\/www.noticiasdealava.com\/2012\/09\/01\/ocio-y-cultura\/cultura\/marea-el-13-de-octubre-y-manolo-garcia-el-30-de-noviembre-iran-al-iradier-arena\" target=\"_new\"> ENLACE <\/a><\/p>\n","protected":false},"excerpt":{"rendered":"<p>Los dos lo har\u00e1n en el Iradier Arena y ambos con la colaboraci\u00f3n de DIARIO DE NOTICIAS DE \u00c1LAVA. Marea y Manolo Garc\u00eda tienen cita con la capital alavesa. Los navarros, en la \u00faltima fecha en Euskal Herria de su gira En mi hambre mando yo, tocar\u00e1n el 13 de octubre. El ex de El<a class=\"moretag\" href=\"https:\/\/www.manologarciaycia.com\/?p=3759\" title=\"MG: Marea, el 13 de octubre, y Manolo Garc\u00eda, el 30 de noviembre, ir\u00e1n al Iradier Arena\" target=\"_self\" rel=\"follow\"> <font face=arial size=2>[Leer m\u00e1s]<\/font> <\/a><\/p>\n","protected":false},"author":2,"featured_media":0,"comment_status":"closed","ping_status":"closed","sticky":false,"template":"","format":"standard","meta":{"footnotes":""},"categories":[1],"tags":[],"class_list":["post-3759","post","type-post","status-publish","format-standard","hentry","category-manolo-garcia"],"_links":{"self":[{"href":"https:\/\/www.manologarciaycia.com\/index.php?rest_route=\/wp\/v2\/posts\/3759","targetHints":{"allow":["GET"]}}],"collection":[{"href":"https:\/\/www.manologarciaycia.com\/index.php?rest_route=\/wp\/v2\/posts"}],"about":[{"href":"https:\/\/www.manologarciaycia.com\/index.php?rest_route=\/wp\/v2\/types\/post"}],"author":[{"embeddable":true,"href":"https:\/\/www.manologarciaycia.com\/index.php?rest_route=\/wp\/v2\/users\/2"}],"replies":[{"embeddable":true,"href":"https:\/\/www.manologarciaycia.com\/index.php?rest_route=%2Fwp%2Fv2%2Fcomments&post=3759"}],"version-history":[{"count":2,"href":"https:\/\/www.manologarciaycia.com\/index.php?rest_route=\/wp\/v2\/posts\/3759\/revisions"}],"predecessor-version":[{"id":3761,"href":"https:\/\/www.manologarciaycia.com\/index.php?rest_route=\/wp\/v2\/posts\/3759\/revisions\/3761"}],"wp:attachment":[{"href":"https:\/\/www.manologarciaycia.com\/index.php?rest_route=%2Fwp%2Fv2%2Fmedia&parent=3759"}],"wp:term":[{"taxonomy":"category","embeddable":true,"href":"https:\/\/www.manologarciaycia.com\/index.php?rest_route=%2Fwp%2Fv2%2Fcategories&post=3759"},{"taxonomy":"post_tag","embeddable":true,"href":"https:\/\/www.manologarciaycia.com\/index.php?rest_route=%2Fwp%2Fv2%2Ftags&post=3759"}],"curies":[{"name":"wp","href":"https:\/\/api.w.org\/{rel}","templated":true}]}}