{"id":3747,"date":"2012-08-24T09:54:10","date_gmt":"2012-08-24T07:54:10","guid":{"rendered":"http:\/\/www.manologarciaycia.com\/?p=3747"},"modified":"2012-08-24T09:55:40","modified_gmt":"2012-08-24T07:55:40","slug":"mazonas-band-los-musicos-de-manolo-garcia-juntos-en-las-fiestas-de-sant-antoni","status":"publish","type":"post","link":"https:\/\/www.manologarciaycia.com\/?p=3747","title":{"rendered":"Mazonas Band: Los m\u00fasicos de Manolo Garc\u00eda, juntos en las fiestas de Sant Antoni"},"content":{"rendered":"<p><img loading=\"lazy\" decoding=\"async\" class=\"alignleft\" src=\"http:\/\/ocio.diariodeibiza.es\/img_contenido\/noticias\/2012\/08\/111280\/2012_08_23_IMG_2012_08_23_223A063A57_4401_1.jpg\" alt=\"\" width=\"517\" height=\"261\" \/> Mazonas Band interpretar\u00e1 15 temas del pop espa\u00f1ol de los 80 y 90, de artistas con los que han trabajado anteriormente. \u00adI\u00f1igo Goldaracena, Ricardo Mar\u00edn, Nacho Lesko y Juan Carlos Garc\u00eda \u2013componentes de Mazonas Band y tambi\u00e9n conocidos por ser los m\u00fasicos que acompa\u00f1an a Manolo Garc\u00eda en su gira 2012\u2013 actuar\u00e1n este s\u00e1bado a las 21 horas en el \u2018Sant Bartomeu Revival\u2019, con motivo de las fiestas patronales de Sant Antoni.<\/p>\n<p>Los cuatro componentes de Mazonas Band han trabajado para grupos nacionales como El \u00daltimo de la Fila, Los secretos o Nacha Pop y durante el mes de agosto aprovechan el par\u00f3n en la gira de Manolo Garc\u00eda para ofrecer conciertos por Ibiza, donde \u00abla banda ha nacido\u00bb, asegura Nacho Lesko, teclista. Y es que el grupo musical se form\u00f3 hace escasas semanas y de una manera improvisada: \u00abSurgieron una serie de bolos en Girona, los hicimos; ahora han aparecido los de Ibiza y en unos d\u00edas iremos a Barcelona\u00bb, explica Lesko sobre el inesperado \u00e9xito de la banda, mientras Ricardo Mar\u00edn, guitarrista, bromea: \u00abAl final vamos a tener que contratar a Manolo [Garc\u00eda]\u00bb.<\/p>\n<p>Los miembros de esta reciente banda cuando tocan con Manolo Garc\u00eda lo hacen en un estadio a rebosar de gente. Sin embargo, cuando simplemente son los Mazonas Band, lo hacen ante un p\u00fablico m\u00e1s reducido. Juan Carlos Garc\u00eda, vocalista y bater\u00eda \u2013y a quien suelen confundir con el hermano de Manolo Garc\u00eda\u2013 afirma que destilan la misma energia ante 5.000 personas que ante 200:?\u00abLo bueno es que haya gente, pero no la cantidad exacta de gente. Todo depende de la acogida que te den y de lo que te transmitan\u00bb.<\/p>\n<p>El grupo, que se autodefine como descarado y muy desenfadado, ha organizado un variado repertorio de 15 canciones de diferentes artistas con los que cada m\u00fasico ha trabajado durante su trayectoria profesional, enfocado al pop espa\u00f1ol de los 80 y 90.<\/p>\n<p>El festival que acoger\u00e1 la actuaci\u00f3n de Mazonas Band se celebrar\u00e1 ma\u00f1ana en sa Punta des Mol\u00ed. Tras su aparici\u00f3n, actuar\u00e1n Melanie Fern\u00e1ndez, Jey Indahause y los Dj\u2019s Petit y V\u00e1zquez, junto con Dj Lito.<\/p>\n<p>Fuente: Diario de Ibiza &#8211; <a href=\"http:\/\/ocio.diariodeibiza.es\/agenda\/noticias\/nws-111280-los-musicos-manolo-garcia-juntos-fiestas-sant-antoni.html\" target=\"_new\">ENLACE<\/a><\/p>\n","protected":false},"excerpt":{"rendered":"<p>Mazonas Band interpretar\u00e1 15 temas del pop espa\u00f1ol de los 80 y 90, de artistas con los que han trabajado anteriormente. \u00adI\u00f1igo Goldaracena, Ricardo Mar\u00edn, Nacho Lesko y Juan Carlos Garc\u00eda \u2013componentes de Mazonas Band y tambi\u00e9n conocidos por ser los m\u00fasicos que acompa\u00f1an a Manolo Garc\u00eda en su gira 2012\u2013 actuar\u00e1n este s\u00e1bado a<a class=\"moretag\" href=\"https:\/\/www.manologarciaycia.com\/?p=3747\" title=\"Mazonas Band: Los m\u00fasicos de Manolo Garc\u00eda, juntos en las fiestas de Sant Antoni\" target=\"_self\" rel=\"follow\"> <font face=arial size=2>[Leer m\u00e1s]<\/font> <\/a><\/p>\n","protected":false},"author":2,"featured_media":0,"comment_status":"closed","ping_status":"closed","sticky":false,"template":"","format":"standard","meta":{"footnotes":""},"categories":[23],"tags":[],"class_list":["post-3747","post","type-post","status-publish","format-standard","hentry","category-otros"],"_links":{"self":[{"href":"https:\/\/www.manologarciaycia.com\/index.php?rest_route=\/wp\/v2\/posts\/3747","targetHints":{"allow":["GET"]}}],"collection":[{"href":"https:\/\/www.manologarciaycia.com\/index.php?rest_route=\/wp\/v2\/posts"}],"about":[{"href":"https:\/\/www.manologarciaycia.com\/index.php?rest_route=\/wp\/v2\/types\/post"}],"author":[{"embeddable":true,"href":"https:\/\/www.manologarciaycia.com\/index.php?rest_route=\/wp\/v2\/users\/2"}],"replies":[{"embeddable":true,"href":"https:\/\/www.manologarciaycia.com\/index.php?rest_route=%2Fwp%2Fv2%2Fcomments&post=3747"}],"version-history":[{"count":2,"href":"https:\/\/www.manologarciaycia.com\/index.php?rest_route=\/wp\/v2\/posts\/3747\/revisions"}],"predecessor-version":[{"id":3749,"href":"https:\/\/www.manologarciaycia.com\/index.php?rest_route=\/wp\/v2\/posts\/3747\/revisions\/3749"}],"wp:attachment":[{"href":"https:\/\/www.manologarciaycia.com\/index.php?rest_route=%2Fwp%2Fv2%2Fmedia&parent=3747"}],"wp:term":[{"taxonomy":"category","embeddable":true,"href":"https:\/\/www.manologarciaycia.com\/index.php?rest_route=%2Fwp%2Fv2%2Fcategories&post=3747"},{"taxonomy":"post_tag","embeddable":true,"href":"https:\/\/www.manologarciaycia.com\/index.php?rest_route=%2Fwp%2Fv2%2Ftags&post=3747"}],"curies":[{"name":"wp","href":"https:\/\/api.w.org\/{rel}","templated":true}]}}