{"id":3744,"date":"2012-08-23T09:11:05","date_gmt":"2012-08-23T07:11:05","guid":{"rendered":"http:\/\/www.manologarciaycia.com\/?p=3744"},"modified":"2012-08-23T09:11:21","modified_gmt":"2012-08-23T07:11:21","slug":"eudlf-la-cumbre-sonora-con-astronomia-razonable-1993-de-el-ultimo-de-la-fila","status":"publish","type":"post","link":"https:\/\/www.manologarciaycia.com\/?p=3744","title":{"rendered":"EUDLF: La cumbre sonora con \u201cAstronom\u00eda Razonable\u201d (1993) de El \u00daltimo de la Fila"},"content":{"rendered":"<p><img loading=\"lazy\" decoding=\"async\" class=\"alignright\" src=\"http:\/\/kaosenlared.net\/media\/k2\/items\/cache\/3a98952b63cc2326fe8e0af5af9838a9_XL.jpg\" alt=\"\" width=\"360\" height=\"356\" \/> Bajo un t\u00edtulo filos\u00f3fico se esconde uno de los mejores \u00e1lbumes de los noventa, el grupo El \u00daltimo de la Fila segu\u00eda evolucionando hacia nuevos sonidos y presentando su trabajo cada vez m\u00e1s maduro. Al final, tendremos una entrevista en exclusiva al guitarrista Pedro Javier Gonz\u00e1lez.<\/p>\n<p>Es el \u00e1lbum m\u00e1s emblem\u00e1tico de la banda y el que m\u00e1s ventas y m\u00e1s repercusi\u00f3n obtuvo gracias a este complet\u00edsimo trabajo: \u201cAstronom\u00eda Razonable\u201d, el sexto \u00e1lbum de estudio del grupo espa\u00f1ol El \u00daltimo de la Fila.<\/p>\n<p>Se grab\u00f3 y mezcl\u00f3 en Real World Studios, en Inglaterra, durante los meses de septiembre y diciembre de 1992, la grabaci\u00f3n tubo lugar en los estudios de Peter Gabriel, as\u00ed lo recordaba el grupo para una entrevista realizada por Joaqu\u00edn Luqui para El Gran Musical, en 1993: \u201cFue estupendo todo. Un buen d\u00eda, el propio Peter se acerc\u00f3 all\u00ed, escuch\u00f3 varios temas y nos felicit\u00f3 personalmente. Para nosotros fue una grata sorpresa porque, sinceramente, no esper\u00e1bamos para nada ese detalle.\u201d<\/p>\n<p>para leer el reportaje \/ entrevista completo.<\/p>\n<p>En una entrevista para la revista Primera L\u00ednea en febrero de 1993, Manolo Garc\u00eda declaraba: \u201cQuimi ha estado m\u00e1s el la labor de producci\u00f3n que yo, que a la hora de grabar me le limitado m\u00e1s a cantar. Creo que despu\u00e9s de escuchar las canciones mezcladas, el disco ha quedado muy bien. Me gusta.\u201d<\/p>\n<p>As\u00ed, David Tickle y Quimi Portet fueron los encargados de la producci\u00f3n. El ingeniero fue el propio David y Chris Lawson. Una producci\u00f3n exquisita, pues David Tickle hab\u00eda trabajado anteriormente con Joe Cocker, The Police, Sting, U2, Prince\u2026<\/p>\n<p>Se lanz\u00f3 al mercado en 1993 por la discogr\u00e1fica EMI con el sello de Perro Records. Encontramos en el \u00e1lbum un abanico de riquezas sonoras: escuchamos baladas, pop rock mestizo con lo andalus\u00ed, del flamenco a ritmos \u00e1rabes, tambi\u00e9n rumba o algo de blues as\u00ed como diferentes estilos para hacer un trabajo m\u00e1s artesanal abandonando los sintetizadores como hicieron en su anterior trabajo \u201cNuevo peque\u00f1o cat\u00e1logo de seres y estares\u201d (1990) mezcladas con unas letras impregnadas de iron\u00eda, romanticismo, ecolog\u00eda&#8230;<\/p>\n<p>Siguiendo la entrevista realizada a la banda en febrero de 1993 para la revista Primera L\u00ednea, Manolo apuntaba que las canciones: \u201chan surgido en momentos de relax, se han descubierto poco a poco nuevos ritmos e ideas; a cualquier hora han surgido los acordes y las melod\u00edas en medio del torbellino de la creaci\u00f3n. Se trata de temas intimistas, apegados a nosotros; cada uno hacemos letras pero creo que hay algo com\u00fan a los dos que es la sinceridad a la hora de decir las cosas. Se puede leer entre l\u00edneas o no. Se trata de dejarse llevar y decidir si te gusta.\u201d<\/p>\n<p>Pero los m\u00fasicos con los que contaba El \u00daltimo de la Fila eran extraordinarios:<\/p>\n<p>Antonio Fidel al bajo; Juan Carlos Garc\u00eda a la bater\u00eda y a la percusi\u00f3n; Pedro Javier Gonz\u00e1lez a la guitarra espa\u00f1ola y al la\u00fad; Nacho Lesko al acorde\u00f3n y a los teclados adem\u00e1s de Manolo Garc\u00eda a la voz y a la percusi\u00f3n y Quimi Portet a las guitarras, teclados y arm\u00f3nica.<\/p>\n<p>El despliegue de m\u00fasicos no acaba aqu\u00ed, tambi\u00e9n contaron con la colaboraci\u00f3n de:<\/p>\n<p>Caroline Dale al violonchelo; Rosemary Furniss y Christopher Warren-Green al violin; Andrew Brown a la viola; Simon Clark al \u00f3rgano Hammond; Hossam Ramzy y Duke Hanson a la percusi\u00f3n.<\/p>\n<p>La portada del \u00e1lbum encontramos a una fotograf\u00eda original y estramb\u00f3tica en blanco y negro de un perro subido a un taburete, observando el cielo a trav\u00e9s de un telescopio (fotograf\u00eda realizada por McDermitt \/ McGough), adem\u00e1s, en su interior vemos en primer lugar una fotograf\u00eda de una galaxia y como siguiente paso, se observan los ojos de los dos componentes del grupo, Manolo y Quimi, y luego, las letras de los temas. El librillo interior desplegable donde se incluye la portada, fue editado completamente con papel reciclado.<\/p>\n<p>Como an\u00e9ctoda curiosa, junto a las letras encontramos una cr\u00edtica de Entelequio Saborit, extra\u00edda de la \u201cRevista del intelectual (Quintanar del Membrillo)\u201d. La cr\u00edtica contiene tal retah\u00edla de jerga y tecnicismos que resulta dif\u00edcil saber si hablaba a favor o en contra del \u00e1lbum.<\/p>\n<p>Encontramos pues, catorce espl\u00e9ndidas canciones, empapadas eso s\u00ed, de mucha poes\u00eda:<\/p>\n<p>1.El Que Canta Su Mal Espanta<\/p>\n<p>Fue el primer single del \u00e1lbum. Preciosa canci\u00f3n rumbera con una base de blues. En\u00e9rgica y llena de sabor para empezar. El dicho lo hicieron propio, creando el t\u00e1ndem Garc\u00eda\/Portet una letra muy pegadiza, llena de iron\u00eda, s\u00e1tira y originalidad: \u201cNadie me espera en el hogar, la vida es bella\u201d o \u201cVaya my Darling, te marchaste y me dejaste como merluza sin espinas.\u201d Genial.<\/p>\n<p>2. L\u00e1piz Y Tinta<\/p>\n<p>Fue el quinto single del \u00e1lbum. La pasi\u00f3n de Manolo Garc\u00eda por la pintura creo que fue la inspiraci\u00f3n para esta preciosa canci\u00f3n. Hermosa instrumentaci\u00f3n con el La\u00fad y la guitarra espa\u00f1ola de Pedro Javier Gonz\u00e1lez. \u201cPinto verdes parajes de belleza desolada, vivo ef\u00edmero y su valor.\u201d \u201cBebo, apuro desperdicios de mi vida, me recojo en la templanza de la tregua que me da la anestesia del recuerdo.\u201d Llena de armon\u00eda y vitalidad.<\/p>\n<p>3. Remando Sobre El Polvo<\/p>\n<p>Es mi favorita del \u00e1lbum, adoro en may\u00fasculas la manera que Quimi Portet toca la guitarra, su estilo es sublime. Tambi\u00e9n la aportaci\u00f3n de Pedro Javier Gonz\u00e1lez a la guitarra espa\u00f1ola y Antonio Fidel al bajo, son una delicatessen. \u201cDesde hoy ser\u00e9 tan solo un hombre, sumido, como tantos, en su desesperaci\u00f3n\u201d; \u201cUn viajero infatigable hoy he vuelto a ser, un viajero que pretende olvidar. Carretera de recuerdos, que el delirio habita en la pasi\u00f3n.\u201d L\u00e1stima que no haya sido single.<\/p>\n<p>4. La Risa Tonta<\/p>\n<p>Un tema que no se incluy\u00f3 en la edici\u00f3n de vinilo. Cuando la escuch\u00e9 por primera vez, recuerdo que me qued\u00e9 con la boca abierta. \u00c9se medio tiempo en la canci\u00f3n es fabuloso. Empieza con suaves toques a la bater\u00eda, del maestro Juan Carlos Garc\u00eda y las guitarras el\u00e9ctricas empiezan a abrazar la canci\u00f3n: \u201cEn la niebla del anochecer, mora el \u00e1ngel de la confusi\u00f3n\u2026\u201d, hasta que Pedro Javier rasga la guitarra espa\u00f1ola haci\u00e9ndola sobresaliente. Buenos riffs del maestro Portet.<\/p>\n<p>5. Hierbas De Asia<\/p>\n<p>Se convirti\u00f3 en el segundo single. Predominan los sonidos arabescos en esta canci\u00f3n. La bater\u00eda es formidable y luego la canci\u00f3n se relaja maravillosamente con guitarras ac\u00fasticas y un suave toque el\u00e9ctrico mezclado con una letra muy sugerente: Mientras cae la lluvia, a la luz de una vela, leo tus viejas cartas, mis viejas canciones. Sol de inviernos suaves, perdidos para siempre; risas que murieron con el viento helado.\u201d<\/p>\n<p>6. Como Un Burro Amarrado En La Puerta Del Baile<\/p>\n<p>Una canci\u00f3n generacional y un himno para la banda despu\u00e9s de \u201cInsurrecci\u00f3n\u201d. Todos alguna vez hemos escuchado esta rumbita alegre, cuya letra es de Manolo Garc\u00eda y m\u00fasica del propio Manolo junto con Quimi Portet. Casi veinte a\u00f1os despu\u00e9s, la canci\u00f3n sigue sonando tan fresca, juvenil y tan bailable como cuando fue el tercer single del \u00e1lbum. \u201cSi s\u00f3lo tengo amor, \u00bfqu\u00e9 es lo que valgo yo?, si tengo ganas de bailar, \u00bfpara qu\u00e9 voy a esperar? ahora necesito amor, es mi \u00fanica ambici\u00f3n\u201d.<\/p>\n<p>7. Astronom\u00eda Razonable<\/p>\n<p>Misteriosa canci\u00f3n de cuya letra y m\u00fasica es de Quimi Portet. Es toda una majestuosidad la manera en que est\u00e1 tocada la guitarra el\u00e9ctrica. Llena de melancol\u00eda, Manolo Garc\u00eda la envuelve con el flamenco m\u00e1s encantador. Impera la bater\u00eda y la percusi\u00f3n de Juan Carlos Garc\u00eda. Una pena que no fuera elegida como single, es toda una gozada.<\/p>\n<p>8. Piedra Sobre Piedra<\/p>\n<p>Canci\u00f3n rom\u00e1ntica donde las haya. Vuelven a las ra\u00edces con la ac\u00fastica, record\u00e1ndome a su precioso \u00e1lbum \u201cComo la cabeza al sombrero\u201d (1988). Maravillosas guitarras ac\u00fasticas y espa\u00f1ola de Pedro Javier Gonz\u00e1lez y Quimi, adem\u00e1s del bajo de Antonio Fidel.<\/p>\n<p>9. Vino Dulce<\/p>\n<p>Otra de mis favoritas. Preciosa hasta cuando el solo de la guitarra espa\u00f1ola de Pedro Javier Gonz\u00e1lez que la hace estar en el podio de los mejores temas en castellano de la historia. Luego, los teclados de Nacho Lesko y Quimi Portet se recrean recordando a ritmos setenteros para m\u00e1s tarde Manolo Garc\u00eda coquetear nuevamente con la guitarra espa\u00f1ola. \u201cEstoy dispuesto a recuperar el tiempo que perd\u00ed, que esta vida oxida los resortes de mi coraz\u00f3n\u201d. Destaco otra frase maravillosa: \u201cLa vida no es un problema, s\u00f3lo una realidad\u201d.<\/p>\n<p>10. Mar Antiguo<\/p>\n<p>Se convirti\u00f3 en el cuarto single. Canci\u00f3n rom\u00e1ntica por excelencia. Caroline Dale fue la encargada de los arreglos de cuerda y realiza junto con toda la banda un trabajo maravilloso. Es uno de los temas m\u00e1s enternecedores y emotivos de la discograf\u00eda de El \u00daltimo de la Fila.<\/p>\n<p>La banda, una vez m\u00e1s nos hace concienciar con la naturaleza y la ecolog\u00eda: \u201cMar antiguo, madre salvaje, en tus orillas de rodillas rezar\u00e9\u201d.<\/p>\n<p>11. Cosas Que Pasan<\/p>\n<p>Fue el sexto single del \u00e1lbum. Siempre que la escucho, tambi\u00e9n tiene su aura de misterio. Es otro de los temas ac\u00fasticos del \u00e1lbum, fusionado con un reggae halagado por una guitarra espa\u00f1ola sello Pedro Javier Gonz\u00e1lez.<\/p>\n<p>12. Sumo Y Resto<\/p>\n<p>Un tema entre el pop y la balada. \u201cRosas negras para amar cuando ya no hay nada m\u00e1s.\u201d Me encanta el tono selecto de Manolo Garc\u00eda y como est\u00e1 tratada esta canci\u00f3n, en referencia a la producci\u00f3n.<\/p>\n<p>13. Hag\u00e1moslo<\/p>\n<p>Es una canci\u00f3n muy rockera, con pinceladas de blues. \u201cQu\u00e9 triste es la vida, triste y traicionera, fui de pesca y no pesqu\u00e9\u201d. Otro tema que tampoco se incluy\u00f3 en la edici\u00f3n de vinilo.<\/p>\n<p>14. Mar Antiguo (Instrumental)<\/p>\n<p>Maravillosa y apote\u00f3sica versi\u00f3n orquestada. Caroline Dale fue la encargada de los arreglos de cuerda. Espl\u00e9ndida en su totalidad y as\u00ed finaliza este gran \u00e1lbum.<\/p>\n<p>El disco fue presentado en directo mediante una gira de conciertos por todo el territorio espa\u00f1ol. Adem\u00e1s, realizaron una gira europea con conciertos en Alemania e Italia.<\/p>\n<p>La acogida fue sorprendente, pues permaneci\u00f3 durante diez semanas en el n\u00famero uno de las listas de ventas, un hecho sin precedentes nunca conseguido por un grupo espa\u00f1ol. Adem\u00e1s alcanz\u00f3 el disco de oro en Venezuela y M\u00e9xico.<\/p>\n<p>Es hasta el momento, el disco m\u00e1s vendido del grupo, con m\u00e1s de 900.000 copias vendidas.<\/p>\n<p>Paralelamente, El \u00daltimo de la Fila edit\u00f3 una versi\u00f3n de \u201cAstronom\u00eda razonable\u201d para Italia. Para esta ocasi\u00f3n, grabaron cinco de los temas del disco en idioma italiano, en concreto:<\/p>\n<p>Carta e inchiostro (versi\u00f3n en italiano de L\u00e1piz y tinta).<\/p>\n<p>Remando sulla polvere (versi\u00f3n en italiano de Remando sobre el polvo).<\/p>\n<p>Erbe d&#8217;Asia (versi\u00f3n en italiano de Hierbas de Asia).<\/p>\n<p>Mare antico (versi\u00f3n en italiano de Mar antiguo).<\/p>\n<p>Faccio y conti (versi\u00f3n en italiano de Sumo y resto).<\/p>\n<p>Adem\u00e1s, se incluy\u00f3 al principio del \u00e1lbum una canci\u00f3n del anterior disco (\u201cNuevo peque\u00f1o cat\u00e1logo de seres y estares\u201d) tambi\u00e9n en italiano:<\/p>\n<p>Musicisti strani (versi\u00f3n en italiano de M\u00fasico loco).<\/p>\n<p>Dichas adaptaciones al italiano de los temas, fue llevada a cabo por Fabio Tropea y Franco Battiato.<\/p>\n<p>Debido al \u00e9xito de ventas del \u00e1lbum y de la posterior gira, el grupo produjo en 1994 una caja en edici\u00f3n limitada para coleccionistas, que conten\u00eda los seis singles extra\u00eddos del \u00e1lbum. Bajo el nombre de \u201cAstronom\u00eda razonable: Singles y maquetas\u201d. El libro de edici\u00f3n limitada estaba impreso tambi\u00e9n en papel reciclado ecol\u00f3gico y conten\u00eda un conjunto de fotograf\u00edas art\u00edsticas realizadas durante la gira. En la portada y contraportada se aprecia todo tipo de entradas y de conciertos del grupo. Adem\u00e1s de las canciones originales que ya formaron parte del \u00e1lbum, se encontraron maquetas de varios de los temas, una versi\u00f3n en directo y varias versiones alternativas de la canci\u00f3n \u201cCosas que pasan.\u201d Como curiosidad, la portada y contraportada fueron adornadas con palabras en ruso y el CD correspondiente al single \u201cCosas que pasan\u201d es envuelto en una hoja de peri\u00f3dico ruso.<\/p>\n<p>Ahora s\u00ed, en exclusiva para kaosenlared, al maestro Pedro Javier Gonz\u00e1lez. Espl\u00e9ndido guitarrista, compositor y productor musical. Destaca por haber colaborado con artistas de la talla de Joan Manuel Serrat, Alejandro Sanz, Seguridad Social, M\u00f3nica Molina, Toti Soler, Mar\u00eda del Mar Bonet, Lluis Llach, Adri\u00e0 Punt\u00ed, Manolo Garc\u00eda, El \u00daltimo de la Fila, etc\u2026<\/p>\n<p>Pedro Javier Gonz\u00e1lez, much\u00edsimas gracias por la cortes\u00eda de la entrevista.<\/p>\n<p>01.\u00bfEn qu\u00e9 momento quiso dedicarse profesionalmente a la m\u00fasica?<\/p>\n<p>-Me gusta la guitarra desde los 11 a\u00f1os. Pero hasta los 16 no entend\u00ed que la m\u00fasica podr\u00eda ser una profesi\u00f3n, nac\u00ed en una familia de trabajadores y tocaba la guitarra cuando volv\u00eda del cole y pensaba que los m\u00fasicos ten\u00edan un trabajo y tocaban al terminar el trabajo. Todav\u00eda hay algunos pol\u00edticos que piensan as\u00ed (y no tienen menos de 16 a\u00f1os). En cualquier caso hay que trabajar mucho para convertir un arte en una profesi\u00f3n, te ha de gustar lo suficiente como para que el tiempo que empleas en estudiar lo disfrutes.<\/p>\n<p>02.\u00bfQuienes fueron sus m\u00fasicos de aprendizaje y\/o quer\u00eda emular?<\/p>\n<p>-Primero mi t\u00edo Adolfo que tocaba muy bien, toda la familia de mi madre toca alg\u00fan instrumento en la banda del pueblo, all\u00ed empez\u00f3 mi afici\u00f3n.<\/p>\n<p>Luego naturalmente escuchaba a Paco de Luc\u00eda, Baden Powell, John McLaughlin\u2026.<\/p>\n<p>03.Un maestro como usted, def\u00edname m\u00e1s all\u00e1 de las palabras \u00bfQu\u00e9 es la guitarra?<\/p>\n<p>-No puedo definir con palabras, m\u00e1s all\u00e1 de las palabras. De todas formas en palabras, la guitarra es un instrumento de comunicaci\u00f3n rebelde pero muy seductor.<\/p>\n<p>04.\u00bfC\u00f3mo fueron sus inicios all\u00e1 por 1990 junto con Manolo Garc\u00eda y Quimi Portet?<\/p>\n<p>-Muy divertidos e intensos.<\/p>\n<p>05.\u00bfQu\u00e9 recuerdos tiene de su primera aventura compositiva junto con Rafael Maya para su \u00e1lbum \u201cRumba Canalla\u201d en 1992?<\/p>\n<p>-No fue la primera aventura compositiva pero si que fue la primera vez que una compa\u00f1\u00eda de discos se me acerc\u00f3 para proponerme un proyecto. Precisamente por eso no acabo de prolongarse en el tiempo, es decir fue un trabajo muy enfocado a crear un grupo con un perfil determinado en el que no acab\u00e1bamos de vernos del todo, hicimos el mejor disco que pudimos pero el grupo no dur\u00f3 mucho.<\/p>\n<p>06.\u00bfQu\u00e9 recuerda de su colaboraci\u00f3n en \u201cAstronom\u00eda Razonable\u201d (1993) un disco cumbre de El \u00daltimo de la Fila?<\/p>\n<p>-Recuerdo semanas gloriosas en Real World (el estudio de Peter Gabriel) con momentos muy inspirados de todos los m\u00fasicos, pistas del tir\u00f3n sin pinchar, grabar juntos con Quimi la ac\u00fastica y el la\u00fad de \u201cL\u00e1piz y tinta\u201d\u2026 viv\u00ed una atm\u00f3sfera especial, creo que los resultados son emocionantes.<\/p>\n<p>07.El \u00e1lbum m\u00e1s maduro de Manolo y Quimi es sin duda: \u201cLa Rebeli\u00f3n de los hombres rana\u201d (1995), destaco dos canciones bell\u00edsimas y una gozada escuchar su colaboraci\u00f3n en la guitarra espa\u00f1ola en: \u201c\u00a1Qu\u00e9 bien huelen los pinos!\u201d adem\u00e1s de \u201cLas hojas que r\u00eden\u201d, Tambi\u00e9n la exquisita \u00abSota una col\u00bb del \u00e1lbum \u00abL\u00b4hora del Pati\u00bb (1999) para Adri\u00e0 Punt\u00ed&#8230; \u00bfme podr\u00eda explicar alguna an\u00e9cdota detr\u00e1s de estas canciones? \u00bfHicieron falta muchas tomas o la idea ya la ten\u00edan clara?<\/p>\n<p>-La grabaci\u00f3n de las guitarras para ese disco se hicieron por un m\u00e9todo un poco singular, llegu\u00e9 por la ma\u00f1ana al estudio, tomamos sonido de la guitarra y me lanzaron el tema y empezamos a grabar. No hab\u00eda escuchado antes las canciones, de manera que no sab\u00eda ni el tono, se grabaron las cinco primeras tomas y ah\u00ed estaba la buena.<\/p>\n<p>De la grabaci\u00f3n para Adri\u00e0 recuerdo el trabajo con Marc Grau, hicimos una gran amistad en las giras de El \u00daltimo y lo echo de menos.<\/p>\n<p>08.Tras los tres discos de la serie Guitarra, donde adapta de manera ac\u00fastica grandes canciones de la historia del pop y el rock internacional, \u00bfCu\u00e1l es el artista que m\u00e1s le ha sorprendido? Y \u00bfPor qu\u00e9?<\/p>\n<p>-Todas las canciones que grab\u00e9 me gustan, unas quedaron mejor que otras, pero donde m\u00e1s disfrut\u00e9 sin duda fue con Beatles, me llev\u00e9 una sorpresa al ver las filigranas de cambios de acordes que tienen sus temas y la elegancia en los arreglos.<\/p>\n<p>09.Como m\u00fasico \u00bfcu\u00e1l es su disco predilecto de los que ha trabajado? y \u00bfPorqu\u00e9? Y una pregunta m\u00e1s dif\u00edcil a\u00fan, \u00bfCu\u00e1l es su canci\u00f3n favorita?<\/p>\n<p>-No sabr\u00eda que decirte, cuando acabo una grabaci\u00f3n no la vuelvo a escuchar en mucho tiempo, supongo que habr\u00e1 algo bien por ah\u00ed pero no tengo favoritas. Procuro implicarme siempre de igual manera.<\/p>\n<p>10.Est\u00e1 entre los mayores guitarristas del panorama espa\u00f1ol, Paco de Luc\u00eda, Sabicas, Tomatito\u2026 \u00bfEn d\u00f3nde se inspira? \u00bfCu\u00e1l es su metodolog\u00eda en cuanto a composici\u00f3n?<\/p>\n<p>-La m\u00fasica en si y lo que transmite es la mejor motivaci\u00f3n para mi y la metodolog\u00eda es inexistente, va como va.<\/p>\n<p>11.\u00bfCon quien le gustar\u00eda colaborar? \u00bfY para qui\u00e9n le gustar\u00eda producir?<\/p>\n<p>-Me gustar\u00eda tocar con Steve Gadd y\/o con Eric Clapton. (Puestos a pedir\u2026). Ahora mismo no hago producciones, estoy muy concentrado en el solista.<\/p>\n<p>12.\u00bfCree que el flamenco tiene la categor\u00eda y repercusi\u00f3n que se merece?<\/p>\n<p>-No me considero m\u00e1s que un admirador de algunas manifestaciones del flamenco, por lo tanto ninguna autoridad, pero yo creo que si que tiene bastante repercusi\u00f3n.<\/p>\n<p>13.A ra\u00edz del nuevo proyecto jazz\u00edstico a d\u00fao con el contrabajista Horacio Fumero, que fund\u00f3 el proyecto Transversal con Ra\u00fal Rodr\u00edguez, Trilok Gurtu y Guillem Aguilar, \u00bfqu\u00e9 tiene el Jazz? \u00bfQu\u00e9 emociones se esconden que no revelan el rock?<\/p>\n<p>-El jazz es muy buena escuela para el m\u00fasico, yo tampoco toco jazz, pero me gusta aprender de\/con los buenos.<\/p>\n<p>14.Dicho proyecto se estren\u00f3 con el Concierto de Aranjuez en Mosc\u00fa, acompa\u00f1ado por la Orquesta Nacional Filarm\u00f3nica de Rusia. \u00bfC\u00f3mo fue la experiencia?<\/p>\n<p>-Sublime, un placer tambi\u00e9n asomarme por el mundo cl\u00e1sico.<\/p>\n<p>15.\u00bfQu\u00e9 le depara a Pedro Javier Gonz\u00e1lez en este 2012 y 2013?<\/p>\n<p>-Pues ya veremos, de momento seguir aprendiendo a tocar la guitarra.<\/p>\n<p>Desde kaosenlared.net le quer\u00eda agradecer su aportaci\u00f3n a la m\u00fasica, su dedicaci\u00f3n y esfuerzo a la difusi\u00f3n de la guitarra espa\u00f1ola y transmitirle toda mi admiraci\u00f3n por su talento.<\/p>\n<p>Y por supuesto agradecerle nuevamente la amabilidad que ha tenido en atender mi entrevista.<\/p>\n<p>-De nada, un saludo.<\/p>\n<p>\u00a1Fortuna y salud!<\/p>\n<p>Fuente: Kaos en La Red &#8211; Joan Navas &#8211; <a href=\"http:\/\/www.kaosenlared.net\/component\/k2\/item\/27994-la-cumbre-sonora-con-%E2%80%9Castronom%C3%ADa-razonable%E2%80%9D-1993-de-el-%C3%BAltimo-de-la-fila.html\" target=\"_new\">ENLACE<\/a><\/p>\n","protected":false},"excerpt":{"rendered":"<p>Bajo un t\u00edtulo filos\u00f3fico se esconde uno de los mejores \u00e1lbumes de los noventa, el grupo El \u00daltimo de la Fila segu\u00eda evolucionando hacia nuevos sonidos y presentando su trabajo cada vez m\u00e1s maduro. Al final, tendremos una entrevista en exclusiva al guitarrista Pedro Javier Gonz\u00e1lez. Es el \u00e1lbum m\u00e1s emblem\u00e1tico de la banda y<a class=\"moretag\" href=\"https:\/\/www.manologarciaycia.com\/?p=3744\" title=\"EUDLF: La cumbre sonora con \u201cAstronom\u00eda Razonable\u201d (1993) de El \u00daltimo de la Fila\" target=\"_self\" rel=\"follow\"> <font face=arial size=2>[Leer m\u00e1s]<\/font> <\/a><\/p>\n","protected":false},"author":2,"featured_media":0,"comment_status":"closed","ping_status":"closed","sticky":false,"template":"","format":"standard","meta":{"footnotes":""},"categories":[3,1,9],"tags":[],"class_list":["post-3744","post","type-post","status-publish","format-standard","hentry","category-el-ultimo-de-la-fila","category-manolo-garcia","category-qumi-portet"],"_links":{"self":[{"href":"https:\/\/www.manologarciaycia.com\/index.php?rest_route=\/wp\/v2\/posts\/3744","targetHints":{"allow":["GET"]}}],"collection":[{"href":"https:\/\/www.manologarciaycia.com\/index.php?rest_route=\/wp\/v2\/posts"}],"about":[{"href":"https:\/\/www.manologarciaycia.com\/index.php?rest_route=\/wp\/v2\/types\/post"}],"author":[{"embeddable":true,"href":"https:\/\/www.manologarciaycia.com\/index.php?rest_route=\/wp\/v2\/users\/2"}],"replies":[{"embeddable":true,"href":"https:\/\/www.manologarciaycia.com\/index.php?rest_route=%2Fwp%2Fv2%2Fcomments&post=3744"}],"version-history":[{"count":2,"href":"https:\/\/www.manologarciaycia.com\/index.php?rest_route=\/wp\/v2\/posts\/3744\/revisions"}],"predecessor-version":[{"id":3746,"href":"https:\/\/www.manologarciaycia.com\/index.php?rest_route=\/wp\/v2\/posts\/3744\/revisions\/3746"}],"wp:attachment":[{"href":"https:\/\/www.manologarciaycia.com\/index.php?rest_route=%2Fwp%2Fv2%2Fmedia&parent=3744"}],"wp:term":[{"taxonomy":"category","embeddable":true,"href":"https:\/\/www.manologarciaycia.com\/index.php?rest_route=%2Fwp%2Fv2%2Fcategories&post=3744"},{"taxonomy":"post_tag","embeddable":true,"href":"https:\/\/www.manologarciaycia.com\/index.php?rest_route=%2Fwp%2Fv2%2Ftags&post=3744"}],"curies":[{"name":"wp","href":"https:\/\/api.w.org\/{rel}","templated":true}]}}