{"id":3729,"date":"2012-08-11T10:27:28","date_gmt":"2012-08-11T08:27:28","guid":{"rendered":"http:\/\/www.manologarciaycia.com\/?p=3729"},"modified":"2012-08-11T10:28:49","modified_gmt":"2012-08-11T08:28:49","slug":"mg-actuara-en-burjassot-valencia-el-27-de-septiembre","status":"publish","type":"post","link":"https:\/\/www.manologarciaycia.com\/?p=3729","title":{"rendered":"MG: Actuar\u00e1 en Burjassot (Valencia) el 27 de septiembre"},"content":{"rendered":"<p><img loading=\"lazy\" decoding=\"async\" class=\"alignright\" src=\"https:\/\/www.servicam.es\/Imagenes\/Tel\/202605606\/Eventos\/2012\/mgarciab_info.gif\" alt=\"\" width=\"313\" height=\"480\" \/> El cantante Manolo Garc\u00eda actuar\u00e1 en el Auditorio Municipal de la localidad valenciana de Burjassot el pr\u00f3ximo 27 de septiembre, y ser\u00e1 el \u00faltimo concierto de su gira en la Comunitat Valenciana, seg\u00fan ha informado la organizaci\u00f3n en un comunicado. En esta gira, adem\u00e1s de un extenso repaso a todo su repertorio en solitario y tambi\u00e9n de El Ultimo de la Fila, Manolo Garc\u00eda presenta su \u00faltimo \u00e1lbum, &#8216;Los d\u00edas intactos&#8217;. Este disco ha permanecido tres semanas consecutivas en el n\u00famero 1 de la lista de los m\u00e1s vendidos en Espa\u00f1a y es ya Triple Disco de Platino.<\/p>\n<p>La gira est\u00e1 teniendo una acogida magn\u00edfica, agotando entradas en el 95 por ciento de sus fechas. Han destacado hasta ahora sus seis d\u00edas en el Palacio Municipal de Congresos del Campo de las Naciones de Madrid el pasado mes de abril, y otros seis en Barcelona, con las entradas agotadas para todos ellos con muchos meses de antelaci\u00f3n. Esta actuaci\u00f3n en Burjassot ser\u00e1 la tercera de esta gira en Valencia, tras los dos conciertos ofrecidos en el Palacio de Congresos de Valencia el pasado mes de marzo, donde tambi\u00e9n colg\u00f3 el cartel de entradas agotadas con muchas semanas de antelaci\u00f3n. Las entradas para este concierto est\u00e1n ya a la venta en la red Servicam &#8211; <a href=\"https:\/\/www.servicam.es\" target=\"_new\">ENLACE<\/a><\/p>\n<p>Fuente: Europa Press &#8211; <a href=\"http:\/\/www.europapress.es\/comunitat-valenciana\/noticia-manolo-garcia-actuara-burjassot-valencia-27-septiembre-20120810163356.html\" target=\"_new\">ENLACE<\/a><\/p>\n","protected":false},"excerpt":{"rendered":"<p>El cantante Manolo Garc\u00eda actuar\u00e1 en el Auditorio Municipal de la localidad valenciana de Burjassot el pr\u00f3ximo 27 de septiembre, y ser\u00e1 el \u00faltimo concierto de su gira en la Comunitat Valenciana, seg\u00fan ha informado la organizaci\u00f3n en un comunicado. En esta gira, adem\u00e1s de un extenso repaso a todo su repertorio en solitario y<a class=\"moretag\" href=\"https:\/\/www.manologarciaycia.com\/?p=3729\" title=\"MG: Actuar\u00e1 en Burjassot (Valencia) el 27 de septiembre\" target=\"_self\" rel=\"follow\"> <font face=arial size=2>[Leer m\u00e1s]<\/font> <\/a><\/p>\n","protected":false},"author":2,"featured_media":0,"comment_status":"closed","ping_status":"closed","sticky":false,"template":"","format":"standard","meta":{"footnotes":""},"categories":[1],"tags":[],"class_list":["post-3729","post","type-post","status-publish","format-standard","hentry","category-manolo-garcia"],"_links":{"self":[{"href":"https:\/\/www.manologarciaycia.com\/index.php?rest_route=\/wp\/v2\/posts\/3729","targetHints":{"allow":["GET"]}}],"collection":[{"href":"https:\/\/www.manologarciaycia.com\/index.php?rest_route=\/wp\/v2\/posts"}],"about":[{"href":"https:\/\/www.manologarciaycia.com\/index.php?rest_route=\/wp\/v2\/types\/post"}],"author":[{"embeddable":true,"href":"https:\/\/www.manologarciaycia.com\/index.php?rest_route=\/wp\/v2\/users\/2"}],"replies":[{"embeddable":true,"href":"https:\/\/www.manologarciaycia.com\/index.php?rest_route=%2Fwp%2Fv2%2Fcomments&post=3729"}],"version-history":[{"count":4,"href":"https:\/\/www.manologarciaycia.com\/index.php?rest_route=\/wp\/v2\/posts\/3729\/revisions"}],"predecessor-version":[{"id":3733,"href":"https:\/\/www.manologarciaycia.com\/index.php?rest_route=\/wp\/v2\/posts\/3729\/revisions\/3733"}],"wp:attachment":[{"href":"https:\/\/www.manologarciaycia.com\/index.php?rest_route=%2Fwp%2Fv2%2Fmedia&parent=3729"}],"wp:term":[{"taxonomy":"category","embeddable":true,"href":"https:\/\/www.manologarciaycia.com\/index.php?rest_route=%2Fwp%2Fv2%2Fcategories&post=3729"},{"taxonomy":"post_tag","embeddable":true,"href":"https:\/\/www.manologarciaycia.com\/index.php?rest_route=%2Fwp%2Fv2%2Ftags&post=3729"}],"curies":[{"name":"wp","href":"https:\/\/api.w.org\/{rel}","templated":true}]}}