{"id":3726,"date":"2012-08-10T09:53:59","date_gmt":"2012-08-10T07:53:59","guid":{"rendered":"http:\/\/www.manologarciaycia.com\/?p=3726"},"modified":"2012-08-10T09:54:16","modified_gmt":"2012-08-10T07:54:16","slug":"mg-presentara-en-septiembre-en-pozoblanco-los-dias-intactos","status":"publish","type":"post","link":"https:\/\/www.manologarciaycia.com\/?p=3726","title":{"rendered":"MG: presentar\u00e1 en septiembre en Pozoblanco &#8216;Los d\u00edas intactos&#8217;"},"content":{"rendered":"<p><img loading=\"lazy\" decoding=\"async\" alt=\"\" src=\"http:\/\/media.grupojoly.com\/imagen.php?imagen=\/\/0001169500\/0001169979.jpg&#038;an=580&#038;alt=440&#038;checkSize=1\" class=\"alignleft\" width=\"335\" height=\"222\" \/> El artista catal\u00e1n ofrecer\u00e1 un concierto en el marco de la gira teatral de su \u00faltimo disco. <\/p>\n<p>El cantautor Manolo Garc\u00eda ofrecer\u00e1 un concierto dentro de su Gira Teatral 2012 en Pozoblanco el pr\u00f3ximo 29 de septiembre. El pabell\u00f3n Casa de la Juventud de la localidad recibir\u00e1 al artista, que tras pasar por muchos teatros y auditorios de toda la geograf\u00eda espa\u00f1ola en los \u00faltimos meses, presentar\u00e1 su \u00faltimo trabajo, Los d\u00edas intactos. Los organizadores del concierto se\u00f1alaron ayer que Garc\u00eda mostrar\u00e1 en esta actuaci\u00f3n \u00abla fuerza habitual de sus directos, pero en un espacio reducido: los conciertos de esta gira brindan un plus de cercan\u00eda muy apreciado tanto por el p\u00fablico como por el propio artista\u00bb. Este concierto forma parte de la gira de teatros y auditorios de su nuevo \u00e1lbum, que ha permanecido tres semanas consecutivas en el n\u00famero uno de la lista de los m\u00e1s vendidos en Espa\u00f1a y es ya triple Disco de Platino. <\/p>\n<p>De igual forma, los organizadores destacan que \u00abla gira est\u00e1 teniendo una acogida magn\u00edfica, agotando entradas en el 95% de sus fechas\u00bb, adem\u00e1s de los seis d\u00edas en el Palacio Municipal de Congresos del Campo de las Naciones de Madrid el pasado mes de abril y otros seis en Barcelona, con las entradas agotadas para todos ellos con muchos meses de antelaci\u00f3n. Esta actuaci\u00f3n en Pozoblanco ser\u00e1 la segunda de esta gira en la provincia cordobesa, tras el concierto ofrecido en junio en el Teatro de la Axerqu\u00eda, donde tambi\u00e9n colg\u00f3 el cartel de entradas agotadas con varias semanas de antelaci\u00f3n. El cantante y compositor, y pintor en sus ratos libres, alcanz\u00f3 popularidad como integrante del desaparecido grupo El \u00daltimo de la Fila.<\/p>\n<p>Fuente: El D\u00eda de C\u00f3rdoba &#8211; <a href='http:\/\/www.eldiadecordoba.es\/article\/ocio\/1326914\/manolo\/garcia\/presentara\/septiembre\/pozoblanco\/los\/dias\/intactos.html' target=_new>ENLACE<\/a><\/p>\n","protected":false},"excerpt":{"rendered":"<p>El artista catal\u00e1n ofrecer\u00e1 un concierto en el marco de la gira teatral de su \u00faltimo disco. El cantautor Manolo Garc\u00eda ofrecer\u00e1 un concierto dentro de su Gira Teatral 2012 en Pozoblanco el pr\u00f3ximo 29 de septiembre. El pabell\u00f3n Casa de la Juventud de la localidad recibir\u00e1 al artista, que tras pasar por muchos teatros<a class=\"moretag\" href=\"https:\/\/www.manologarciaycia.com\/?p=3726\" title=\"MG: presentar\u00e1 en septiembre en Pozoblanco &#8216;Los d\u00edas intactos&#8217;\" target=\"_self\" rel=\"follow\"> <font face=arial size=2>[Leer m\u00e1s]<\/font> <\/a><\/p>\n","protected":false},"author":2,"featured_media":0,"comment_status":"closed","ping_status":"closed","sticky":false,"template":"","format":"standard","meta":{"footnotes":""},"categories":[1],"tags":[],"class_list":["post-3726","post","type-post","status-publish","format-standard","hentry","category-manolo-garcia"],"_links":{"self":[{"href":"https:\/\/www.manologarciaycia.com\/index.php?rest_route=\/wp\/v2\/posts\/3726","targetHints":{"allow":["GET"]}}],"collection":[{"href":"https:\/\/www.manologarciaycia.com\/index.php?rest_route=\/wp\/v2\/posts"}],"about":[{"href":"https:\/\/www.manologarciaycia.com\/index.php?rest_route=\/wp\/v2\/types\/post"}],"author":[{"embeddable":true,"href":"https:\/\/www.manologarciaycia.com\/index.php?rest_route=\/wp\/v2\/users\/2"}],"replies":[{"embeddable":true,"href":"https:\/\/www.manologarciaycia.com\/index.php?rest_route=%2Fwp%2Fv2%2Fcomments&post=3726"}],"version-history":[{"count":2,"href":"https:\/\/www.manologarciaycia.com\/index.php?rest_route=\/wp\/v2\/posts\/3726\/revisions"}],"predecessor-version":[{"id":3728,"href":"https:\/\/www.manologarciaycia.com\/index.php?rest_route=\/wp\/v2\/posts\/3726\/revisions\/3728"}],"wp:attachment":[{"href":"https:\/\/www.manologarciaycia.com\/index.php?rest_route=%2Fwp%2Fv2%2Fmedia&parent=3726"}],"wp:term":[{"taxonomy":"category","embeddable":true,"href":"https:\/\/www.manologarciaycia.com\/index.php?rest_route=%2Fwp%2Fv2%2Fcategories&post=3726"},{"taxonomy":"post_tag","embeddable":true,"href":"https:\/\/www.manologarciaycia.com\/index.php?rest_route=%2Fwp%2Fv2%2Ftags&post=3726"}],"curies":[{"name":"wp","href":"https:\/\/api.w.org\/{rel}","templated":true}]}}