{"id":3710,"date":"2012-07-26T08:41:33","date_gmt":"2012-07-26T06:41:33","guid":{"rendered":"http:\/\/www.manologarciaycia.com\/?p=3710"},"modified":"2012-07-26T09:42:20","modified_gmt":"2012-07-26T07:42:20","slug":"mg-el-pescao-carlos-jean-manolo-garcia-y-huecco-en-las-fiestas-de-salamanca","status":"publish","type":"post","link":"https:\/\/www.manologarciaycia.com\/?p=3710","title":{"rendered":"MG: El Pescao, Carlos Jean, Manolo Garc\u00eda y Huecco, en las fiestas de Salamanca"},"content":{"rendered":"<p><img loading=\"lazy\" decoding=\"async\" alt=\"\" src=\"http:\/\/img01.lavanguardia.com\/2012\/07\/25\/Manolo-Garcia-presentara-su-ul_54330080090_51351706917_600_226.jpg\" class=\"aligncenter\" width=\"598\" height=\"226\" \/><br \/>\nLas fiestas de la ciudad de Salamanca, que se desarrollar\u00e1n entre el 7 y el 15 de septiembre en honor a Santa Mar\u00eda de la Vega, contar\u00e1n con las actuaciones de 18 grupos de m\u00fasica, entre ellos, El Pescao, Carlos Jean, Dover, Manolo Garc\u00eda, El Consorcio y Huecco.<\/p>\n<p>Tambi\u00e9n, seg\u00fan ha adelantado el alcalde de la ciudad, Alfonso Fern\u00e1ndez Ma\u00f1ueco, tendr\u00e1 lugar una nueva edici\u00f3n del Festival Etnohelm\u00e1ntica los d\u00edas 11, 12 y 13; el Festival Internacional de Artes de Calle del 12 al 15 de septiembre; el Mercado Romano y fuegos artificiales, entre otras propuestas.<\/p>\n<p>El primer edil no ha querido desvelar la cantidad exacta del presupuesto de las actividades, aunque s\u00ed que ha reconocido que es inferior al del pasado ejercicio para ser \u00abacorde\u00bb a las circunstancias actuales. No obstante, ha insistido en que el equipo de Gobierno ha trabajado para que la calidad y la intensidad \u00abse mantengan\u00bb y que la mayor\u00eda de propuestas sean gratuitas.<\/p>\n<p>Las de pago ser\u00e1n las actuaciones de Manolo Garc\u00eda, Faemino y Cansado, y el musical My Fair Lady protagonizado por Paloma San Basilio.<\/p>\n<p>\nEn cuanto al incremento del IVA en las actividades culturales a partir de septiembre, ha se\u00f1alado que el programa ya est\u00e1 elaborado y que \u00abno ha influido para nada\u00bb a la hora de decantarse por el n\u00famero de actuaciones. Esta situaci\u00f3n la afrontar\u00e1 el Ayuntamiento con \u00abla mejor de las intenciones\u00bb, ha dicho.<\/p>\n<p><b><u>Primeras propuestas y m\u00fasica<\/b><\/u><\/p>\n<p>El inicio de las actividades festivas lo marcar\u00e1 la XXIV Ofrenda Floral en honor a la Patrona de Salamanca, organizada por la Asociaci\u00f3n del Traje Charro, el 7 de septiembre.<\/p>\n<p>Los fuegos artificiales, que correr\u00e1n a cargo de Parente Fireworks, ser\u00e1n a las 22.00 horas. Y una hora despu\u00e9s comenzar\u00e1 el primero de los conciertos programados en la Plaza Mayor, el de Carlos Jean, que repite despu\u00e9s de haber estado ya presente en la pasada edici\u00f3n de las fiestas.<\/p>\n<p>El s\u00e1bado 8 de septiembre actuar\u00e1 Huecco, un cantante que fusiona y mezcla g\u00e9neros y estilos musicales, desde el rock hasta la rumba, pasando por el pop o el hip hop. Los teloneros ser\u00e1n los salmantinos Club de tiranos. El domingo 9 de septiembre ser\u00e1 el turno para Dover.<\/p>\n<p>Como telonero actuar\u00e1 el grupo salmantino Metal Blues Band. El lunes ser\u00e1n dos grupos salmantinos quienes ofrezcan un concierto en la Plaza Mayor, No cantes Victoria y Rolling Band.<\/p>\n<p>El martes 11 de septiembre dar\u00e1 comienzo el Festival de Etnohelm\u00e1ntica con una noche celta a cargo del grupo Luar Na Lubre. Al d\u00eda siguiente ser\u00e1 el turno para Melech Mechaya y Los vecinos del callej\u00f3n. Y clausurar\u00e1n el Festival tres salmantinos: el grupo de baile charro Federico Lozano, \u00c1ngel Rufino \u00abEl Mariquelo\u00bb y Nino S\u00e1nchez.<\/p>\n<p><b>Ser\u00e1 el jueves, 13 de septiembre, cuando llegar\u00e1 Manolo Garc\u00eda<\/b> al Multiusos S\u00e1nchez Para\u00edso, en el que presentar\u00e1 su \u00faltimo \u00e1lbum Los d\u00edas intactos. El d\u00eda 14, viernes, actuar\u00e1 en la Plaza Mayor El Pescao, guitarrista y compositor de El Canto del Loco, que contar\u00e1 con las salmantinas Mess of Skirts como teloneras.<\/p>\n<p>Y pondr\u00e1 el broche musical a las fiestas correr\u00e1 a cargo de El Consorcio, que actuar\u00e1 con la Joven Orquesta Sinf\u00f3nica Ciudad de Salamanca, el 15 de septiembre en la Plaza Mayor.<\/p>\n<p><b><u>Otras propuestas<\/b><\/u><\/p>\n<p>El Festival Internacional de Artes de Calle (FIACS), en el que este a\u00f1o colabora el Grupo El \u00c1rbol, llega a su sexta edici\u00f3n con la participaci\u00f3n de diez compa\u00f1\u00edas que ofrecer\u00e1n 32 pases por las calles y plazas de la ciudad desde el mi\u00e9rcoles 12 de septiembre hasta el s\u00e1bado 15.<\/p>\n<p>El Centro de las Artes Esc\u00e9nicas y de la M\u00fasica acoger\u00e1, un a\u00f1o m\u00e1s, la Gala de los Mayores en colaboraci\u00f3n con Caja Espa\u00f1a-Duero. Ser\u00e1 los d\u00edas 8 y 9 de septiembre en dos sesiones a las 17.30 Y 20.00 horas. Este a\u00f1o contar\u00e1 con la cantante Pilar Boyero.<\/p>\n<p>Los entornos del Puente Romano acoger\u00e1n, un a\u00f1o m\u00e1s, el Mercado Romano. Abrir\u00e1 sus puertas al p\u00fablico el jueves 13 hasta el s\u00e1bado 15. Se combinar\u00e1n los puestos de artesanos con actividades infantiles y espect\u00e1culos como pasacalles, vendedores de fuego o caravanas de esclavos.<\/p>\n<p>El Teatro Liceo acoger\u00e1 el nuevo espect\u00e1culo de los humoristas Faemino y Cansado, Parecido no es lo mismo, los d\u00edas 7 y 8 de septiembre. El precio de las entradas es de 15, 20 y 25 euros.<\/p>\n<p>Salamanca ser\u00e1 la primera ciudad de Castilla y Le\u00f3n incluida en la gira del musical My Fair Lady, protagonizado por Paloma San Basilio, y se han programado un total de siete funciones que se representar\u00e1n en el CAEM los d\u00edas 13, 14 15 y 16 de septiembre.<\/p>\n<p>El 11 de septiembre, a las 19.00 horas, habr\u00e1 una exhibici\u00f3n a\u00e9rea en Salas Bajas del campe\u00f3n del mundo absoluto de Vuelo Acrob\u00e1tico, Ram\u00f3n Alonso y su Sukhoi 31, patrocinado por la Escuela de Pilotos Adventia.<\/p>\n<p>Fuente: La Vanguardia &#8211; <a href='http:\/\/www.lavanguardia.com\/musica\/20120725\/54330079277\/el-pescao-carlos-jean-manolo-garcia-huecco-fiestas-salamanca.html?utm_source=feedburner&#038;utm_medium=feed&#038;utm_campaign=Feed%3A+lavanguardia%2Fcultura+%28Seccion+LV.com+-+Cultura%29' target=_new>ENLACE<\/a><\/p>\n","protected":false},"excerpt":{"rendered":"<p>Las fiestas de la ciudad de Salamanca, que se desarrollar\u00e1n entre el 7 y el 15 de septiembre en honor a Santa Mar\u00eda de la Vega, contar\u00e1n con las actuaciones de 18 grupos de m\u00fasica, entre ellos, El Pescao, Carlos Jean, Dover, Manolo Garc\u00eda, El Consorcio y Huecco. Tambi\u00e9n, seg\u00fan ha adelantado el alcalde de<a class=\"moretag\" href=\"https:\/\/www.manologarciaycia.com\/?p=3710\" title=\"MG: El Pescao, Carlos Jean, Manolo Garc\u00eda y Huecco, en las fiestas de Salamanca\" target=\"_self\" rel=\"follow\"> <font face=arial size=2>[Leer m\u00e1s]<\/font> <\/a><\/p>\n","protected":false},"author":2,"featured_media":0,"comment_status":"closed","ping_status":"closed","sticky":false,"template":"","format":"standard","meta":{"footnotes":""},"categories":[1],"tags":[],"class_list":["post-3710","post","type-post","status-publish","format-standard","hentry","category-manolo-garcia"],"_links":{"self":[{"href":"https:\/\/www.manologarciaycia.com\/index.php?rest_route=\/wp\/v2\/posts\/3710","targetHints":{"allow":["GET"]}}],"collection":[{"href":"https:\/\/www.manologarciaycia.com\/index.php?rest_route=\/wp\/v2\/posts"}],"about":[{"href":"https:\/\/www.manologarciaycia.com\/index.php?rest_route=\/wp\/v2\/types\/post"}],"author":[{"embeddable":true,"href":"https:\/\/www.manologarciaycia.com\/index.php?rest_route=\/wp\/v2\/users\/2"}],"replies":[{"embeddable":true,"href":"https:\/\/www.manologarciaycia.com\/index.php?rest_route=%2Fwp%2Fv2%2Fcomments&post=3710"}],"version-history":[{"count":3,"href":"https:\/\/www.manologarciaycia.com\/index.php?rest_route=\/wp\/v2\/posts\/3710\/revisions"}],"predecessor-version":[{"id":3713,"href":"https:\/\/www.manologarciaycia.com\/index.php?rest_route=\/wp\/v2\/posts\/3710\/revisions\/3713"}],"wp:attachment":[{"href":"https:\/\/www.manologarciaycia.com\/index.php?rest_route=%2Fwp%2Fv2%2Fmedia&parent=3710"}],"wp:term":[{"taxonomy":"category","embeddable":true,"href":"https:\/\/www.manologarciaycia.com\/index.php?rest_route=%2Fwp%2Fv2%2Fcategories&post=3710"},{"taxonomy":"post_tag","embeddable":true,"href":"https:\/\/www.manologarciaycia.com\/index.php?rest_route=%2Fwp%2Fv2%2Ftags&post=3710"}],"curies":[{"name":"wp","href":"https:\/\/api.w.org\/{rel}","templated":true}]}}