{"id":3708,"date":"2012-07-26T09:00:20","date_gmt":"2012-07-26T07:00:20","guid":{"rendered":"http:\/\/www.manologarciaycia.com\/?p=3708"},"modified":"2012-07-30T20:03:09","modified_gmt":"2012-07-30T18:03:09","slug":"otros-mazonas-band","status":"publish","type":"post","link":"https:\/\/www.manologarciaycia.com\/?p=3708","title":{"rendered":"Nace Mazonas Band!!"},"content":{"rendered":"<p><img loading=\"lazy\" decoding=\"async\" alt=\"\" src=\"https:\/\/fbcdn-sphotos-a.akamaihd.net\/hphotos-ak-ash3\/s720x720\/552509_519725454709227_181039597_n.jpg\" class=\"aligncenter\" width=\"489\" height=\"720\" \/><\/p>\n<p>Banda formada por Ricardo Mar\u00edn, Nacho Lesko, Juan Carlos Garc\u00eda e I\u00f1igo Goldaracena, m\u00fasicos que han trabajado con EL ULTIMO DE LA FILA, MANOLO GARC\u00cdA, LOS SECRETOS, ESTOPA, NACHA POP, NI\u00d1A PASTORI, ROSARIO, ETC&#8230; en la que interpretan temas de artistas, tanto nacionales, como internacionales, incluyendo algunos propio.<\/p>\n<p><b><u>FECHAS PROXIMOS CONCIERTOS:<\/u><\/b><\/p>\n<p>22 de Agosto LAS DALIAS &#8211; Sant Carles (Ibiza) &#8211; fiesta NAMASTE<br \/>\n24 de Agosto CAFE DE LA MOVIDA &#8211; Sant Josep de Sa Talaia (Ibiza)<br \/>\n25 de Agosto SA PUNTA D&#8217; ES MOL\u00cd &#8211; Sant Antoni de Portmay (Ibiza)<br \/>\n26 de Agosto XIRINGUITO FIGUERETES &#8211; Ibiza<\/p>\n<p>26 de sep EL MUSICAL Molins de Rei &#8211; Barcelona<br \/>\n28 de sep EL ULTIMO MANTECA &#8211; Cerdanyola del Valles &#8211; Barcelona<br \/>\n30 de sep &#8211; EL ONCLE JACK &#8211; Hospitalet del Llobregat &#8211; Barcelona<\/p>\n<p>Puedes seguirles en su Facebook: <a href='https:\/\/www.facebook.com\/groups\/496499247030099\/' target=_new>https:\/\/www.facebook.com\/groups\/496499247030099\/<\/a><\/p>\n","protected":false},"excerpt":{"rendered":"<p>Banda formada por Ricardo Mar\u00edn, Nacho Lesko, Juan Carlos Garc\u00eda e I\u00f1igo Goldaracena, m\u00fasicos que han trabajado con EL ULTIMO DE LA FILA, MANOLO GARC\u00cdA, LOS SECRETOS, ESTOPA, NACHA POP, NI\u00d1A PASTORI, ROSARIO, ETC&#8230; en la que interpretan temas de artistas, tanto nacionales, como internacionales, incluyendo algunos propio. FECHAS PROXIMOS CONCIERTOS: 22 de Agosto LAS<a class=\"moretag\" href=\"https:\/\/www.manologarciaycia.com\/?p=3708\" title=\"Nace Mazonas Band!!\" target=\"_self\" rel=\"follow\"> <font face=arial size=2>[Leer m\u00e1s]<\/font> <\/a><\/p>\n","protected":false},"author":2,"featured_media":0,"comment_status":"closed","ping_status":"closed","sticky":false,"template":"","format":"standard","meta":{"footnotes":""},"categories":[23],"tags":[],"class_list":["post-3708","post","type-post","status-publish","format-standard","hentry","category-otros"],"_links":{"self":[{"href":"https:\/\/www.manologarciaycia.com\/index.php?rest_route=\/wp\/v2\/posts\/3708","targetHints":{"allow":["GET"]}}],"collection":[{"href":"https:\/\/www.manologarciaycia.com\/index.php?rest_route=\/wp\/v2\/posts"}],"about":[{"href":"https:\/\/www.manologarciaycia.com\/index.php?rest_route=\/wp\/v2\/types\/post"}],"author":[{"embeddable":true,"href":"https:\/\/www.manologarciaycia.com\/index.php?rest_route=\/wp\/v2\/users\/2"}],"replies":[{"embeddable":true,"href":"https:\/\/www.manologarciaycia.com\/index.php?rest_route=%2Fwp%2Fv2%2Fcomments&post=3708"}],"version-history":[{"count":2,"href":"https:\/\/www.manologarciaycia.com\/index.php?rest_route=\/wp\/v2\/posts\/3708\/revisions"}],"predecessor-version":[{"id":3715,"href":"https:\/\/www.manologarciaycia.com\/index.php?rest_route=\/wp\/v2\/posts\/3708\/revisions\/3715"}],"wp:attachment":[{"href":"https:\/\/www.manologarciaycia.com\/index.php?rest_route=%2Fwp%2Fv2%2Fmedia&parent=3708"}],"wp:term":[{"taxonomy":"category","embeddable":true,"href":"https:\/\/www.manologarciaycia.com\/index.php?rest_route=%2Fwp%2Fv2%2Fcategories&post=3708"},{"taxonomy":"post_tag","embeddable":true,"href":"https:\/\/www.manologarciaycia.com\/index.php?rest_route=%2Fwp%2Fv2%2Ftags&post=3708"}],"curies":[{"name":"wp","href":"https:\/\/api.w.org\/{rel}","templated":true}]}}