{"id":370,"date":"2010-02-03T09:04:12","date_gmt":"2010-02-03T08:04:12","guid":{"rendered":"http:\/\/petaos.net\/?p=370"},"modified":"2010-02-03T09:07:40","modified_gmt":"2010-02-03T08:07:40","slug":"manolo-garcia-somos-unos-animalitos-muy-curiosos","status":"publish","type":"post","link":"https:\/\/www.manologarciaycia.com\/?p=370","title":{"rendered":"Manolo Garc\u00eda: \u00abSomos unos animalitos muy curiosos\u00bb"},"content":{"rendered":"<p><img loading=\"lazy\" decoding=\"async\" class=\"alignleft\" src=\"http:\/\/www.elimparcial.es\/files\/fotos\/manolooggarcia573.jpg\" alt=\"\" width=\"240\" height=\"573\" \/>Para el cantante Manolo Garc\u00eda, la \u00abfren\u00e9tica carrera\u00bb de los municipios espa\u00f1oles por albergar el almac\u00e9n temporal centralizado (ATC) de residuos nucleares \u00abes una carrera hacia el peligro\u00bb. As\u00ed lo ha manifestado en una entrevista con Efe con motivo de su presencia en M\u00e9rida para inaugurar, junto con su amigo Jos\u00e9 Mar\u00eda Ben\u00edtez, una exposici\u00f3n que re\u00fane el trabajo fotogr\u00e1fico de ambos.<\/p>\n<p>Para \u00e9l, el ATC, adem\u00e1s de generar empleo, es \u00abuna cuesti\u00f3n de dinero y de ganas de repartirse un montante sabroso\u00bb que puede beneficiar de \u00abforma puntual\u00bb, pero a su entender \u00abhabr\u00eda otras maneras -dice- de ofrecer puestos de trabajo\u00bb. A su juicio, el mundo occidental y los pa\u00edses emergentes \u00abconsumimos demasiado y nos creamos una cantidad brutal de necesidades\u00bb cuando, ha dicho, \u00abcon un poco menos de necesidades imaginadas o creadas al hilo del dinero no har\u00eda falta tanta energ\u00eda\u00bb.<\/p>\n<p>Fuente: EFE &#8211; El Imparcial &#8211; <a href=\"http:\/\/www.elimparcial.es\/contenido\/56643.html\" target=\"_blank\">ENLACE<\/a><\/p>\n<p>En este sentido, el ex integrante de \u201cEl \u00daltimo de la Fila\u201d lamenta que no se exploten m\u00e1s energ\u00edas limpias como la e\u00f3lica o la solar y ha reivindicado el papel de Espa\u00f1a como pa\u00eds a la cabeza en la producci\u00f3n de energ\u00edas renovables. A este artista catal\u00e1n todo lo del ATC le suena a \u201cdisparate\u201d, especialmente porque, \u201csi la central nuclear est\u00e1 en Extremadura y el almac\u00e9n en Guadalajara, los residuos tienen que viajar\u201d y puede producirse alg\u00fan accidente durante su desplazamiento, a\u00f1ade. En su opini\u00f3n, entran en juego dos tipos de intereses, el de la poblaci\u00f3n que acepta albergarlo en su municipio por una cuesti\u00f3n de \u201cnecesidades b\u00e1sicas, pagar la hipoteca, llegar a fin de mes\u201d, y, por otro, el de los alcaldes que buscan inflar las arcas municipales.<\/p>\n<p>En cuanto al debate sobre la fiesta de los toros, este cantante nacido en el barrio de Poblenou de Barcelona confiesa que iba a los toros con su padre cuando ten\u00eda catorce a\u00f1os, y asegura debatirse entre \u201cel s\u00ed y el no\u201d acerca de la prohibici\u00f3n de las corridas de toros en Catalu\u00f1a, por lo que prefiere quedarse en \u201cterritorio neutro\u201d a la hora de valorar si se trata de cultura o de arte. No obstante, considera que \u201ces algo brutal martirizar a los animales, no es nada correcto\u201d y, agrega, en este sentido \u201cpueden decir lo que quieran, pero realmente es un animal al que est\u00e1n haciendo sufrir\u201d.<\/p>\n<p>Por otra parte, despu\u00e9s de la publicaci\u00f3n de su \u00faltimo disco en 2008 \u201cSaldremos a la Lluvia\u201d, Manolo Garc\u00eda ya se encuentra inmerso en la preparaci\u00f3n de su nuevo trabajo. \u201cPoquito a poco s\u00ed estoy componiendo, es algo que no puedo evitar\u201d confiesa Manolo Garc\u00eda, quien tambi\u00e9n es un gran aficionado a la pintura y la fotograf\u00eda como formas de expresi\u00f3n y \u201cde compartir el torbellino que siento, de no quedarme anclado en m\u00ed mismo\u201d.<\/p>\n<p>Respecto a la muestra fotogr\u00e1fica, que cuenta con la colaboraci\u00f3n de la asociaci\u00f3n ecologista ADENEX, Manolo Garc\u00eda declara que les \u201cune una pasi\u00f3n com\u00fan, el amor a la naturaleza y la idea clara de que hay una necesidad urgente y b\u00e1sica de conservar la naturaleza\u201d. Durante sus giras y viajes, el artista, que viaja aferrado a su c\u00e1mara, ha ido observando lo \u201cfascinante\u201d del mundo y lo \u201casombroso del comportamiento humano\u201d y, agrega, \u201cpuedes estar en cualquier continente, pero realmente somos unos animalitos muy curiosos\u201d.<\/p>\n<p>Como fot\u00f3grafo \u201camateur\u201d muestra especial predilecci\u00f3n por las im\u00e1genes en blanco y negro, debido a que tienen \u201cmayor dramatismo\u201d y permiten una categor\u00eda distinta en tiempo y forma que la fotograf\u00eda en color. Pese a vivir en una gran ciudad, Manolo Garc\u00eda se confiesa un enamorado del sur porque, precisa, en esta zona \u201ca\u00fan pervive ese aliento rural, ese mundo natural, esos paisajes\u201d.<\/p>\n","protected":false},"excerpt":{"rendered":"<p>Para el cantante Manolo Garc\u00eda, la \u00abfren\u00e9tica carrera\u00bb de los municipios espa\u00f1oles por albergar el almac\u00e9n temporal centralizado (ATC) de residuos nucleares \u00abes una carrera hacia el peligro\u00bb. As\u00ed lo ha manifestado en una entrevista con Efe con motivo de su presencia en M\u00e9rida para inaugurar, junto con su amigo Jos\u00e9 Mar\u00eda Ben\u00edtez, una exposici\u00f3n<a class=\"moretag\" href=\"https:\/\/www.manologarciaycia.com\/?p=370\" title=\"Manolo Garc\u00eda: \u00abSomos unos animalitos muy curiosos\u00bb\" target=\"_self\" rel=\"follow\"> <font face=arial size=2>[Leer m\u00e1s]<\/font> <\/a><\/p>\n","protected":false},"author":2,"featured_media":0,"comment_status":"closed","ping_status":"open","sticky":false,"template":"","format":"standard","meta":{"footnotes":""},"categories":[1],"tags":[71],"class_list":["post-370","post","type-post","status-publish","format-standard","hentry","category-manolo-garcia","tag-manolo-garcia-entrevista-fotografia-exposicion-naturaleza-atc"],"_links":{"self":[{"href":"https:\/\/www.manologarciaycia.com\/index.php?rest_route=\/wp\/v2\/posts\/370","targetHints":{"allow":["GET"]}}],"collection":[{"href":"https:\/\/www.manologarciaycia.com\/index.php?rest_route=\/wp\/v2\/posts"}],"about":[{"href":"https:\/\/www.manologarciaycia.com\/index.php?rest_route=\/wp\/v2\/types\/post"}],"author":[{"embeddable":true,"href":"https:\/\/www.manologarciaycia.com\/index.php?rest_route=\/wp\/v2\/users\/2"}],"replies":[{"embeddable":true,"href":"https:\/\/www.manologarciaycia.com\/index.php?rest_route=%2Fwp%2Fv2%2Fcomments&post=370"}],"version-history":[{"count":4,"href":"https:\/\/www.manologarciaycia.com\/index.php?rest_route=\/wp\/v2\/posts\/370\/revisions"}],"predecessor-version":[{"id":374,"href":"https:\/\/www.manologarciaycia.com\/index.php?rest_route=\/wp\/v2\/posts\/370\/revisions\/374"}],"wp:attachment":[{"href":"https:\/\/www.manologarciaycia.com\/index.php?rest_route=%2Fwp%2Fv2%2Fmedia&parent=370"}],"wp:term":[{"taxonomy":"category","embeddable":true,"href":"https:\/\/www.manologarciaycia.com\/index.php?rest_route=%2Fwp%2Fv2%2Fcategories&post=370"},{"taxonomy":"post_tag","embeddable":true,"href":"https:\/\/www.manologarciaycia.com\/index.php?rest_route=%2Fwp%2Fv2%2Ftags&post=370"}],"curies":[{"name":"wp","href":"https:\/\/api.w.org\/{rel}","templated":true}]}}