{"id":3687,"date":"2012-07-23T09:09:37","date_gmt":"2012-07-23T07:09:37","guid":{"rendered":"http:\/\/www.manologarciaycia.com\/?p=3687"},"modified":"2012-07-23T09:16:45","modified_gmt":"2012-07-23T07:16:45","slug":"mg-mes-de-2-100-espectadors-ha-reunit-manolo-garcia-a-cap-roig","status":"publish","type":"post","link":"https:\/\/www.manologarciaycia.com\/?p=3687","title":{"rendered":"MG: M\u00c9S DE 2.100 ESPECTADORS HA REUNIT MANOLO GARCIA A CAP ROIG."},"content":{"rendered":"<p><img loading=\"lazy\" decoding=\"async\" class=\"alignleft\" src=\"http:\/\/www.gironanoticies.com\/noticies\/fotos\/23342_1.jpg\" alt=\"\" width=\"190\" height=\"140\" \/> A les 22:14h ha sortit Manolo Garc\u00eda a l&#8217;escenari a l&#8217;aire lliure dels Jardins de Cap Roig, a Calella de Palafrugell (Girona), aixecant una inusitada expectaci\u00f3. Ning\u00fa volia perdre per res del m\u00f3n l&#8217;oportunitat de veure&#8217;l en directe.<\/p>\n<p>Aquesta nit el seu p\u00fablic m\u00e9s fidel ha viscut el concert amb una especial emoci\u00f3 i tots els espectadors del Festival de Cap Roig han gaudit d&#8217;un dels concerts imprescindibles ara per ara en l&#8217;escena del pop-rock nacional. Cap Roig, un dels llocs m\u00e9s singulars de la Costa Brava, al costat del mar Mediterrani, i sota la llum de les estrelles, donava la benvinguda per primera vegada a Manolo Garc\u00eda en un festival que s&#8217;ha obert a un ampli espectre de p\u00fablic.<\/p>\n<p><img loading=\"lazy\" decoding=\"async\" class=\"alignright\" src=\"http:\/\/i1133.photobucket.com\/albums\/m582\/gironanoticies\/ManoloGarciaGN.jpg\" alt=\"\" width=\"500\" height=\"300\" \/> La nit prometia emocions fortes des del primer moment. Les entrades per al concert de Manolo Garc\u00eda a Cap Roig s&#8217;havien esgotat feia setmanes i les grades respiraven un ambient d&#8217;euf\u00f2ria que es va anar deslligant a mesura que avan\u00e7ava un compet\u00edssim repertori d&#8217;una trentena de temes.<\/p>\n<p>Hem estat testimonis d&#8217;una aut\u00e8ntica comuni\u00f3 sobre l&#8217;escenari i una connexi\u00f3 fins a l\u00edmits insospitats entre p\u00fablic i artista.<\/p>\n<p>.<br \/>\nManolo Garc\u00eda ha baixat a cantar entre el p\u00fablic per deliri dels seus m\u00e9s lleials seguidors.<\/p>\n<p><img loading=\"lazy\" decoding=\"async\" class=\"alignleft\" src=\"http:\/\/i1133.photobucket.com\/albums\/m582\/gironanoticies\/ManoloGarciaCapRoigGN.jpg\" alt=\"\" width=\"500\" height=\"350\" \/><\/p>\n<p>Els m\u00e9s de 2.100 espectadors que han omplert de gom a gom les renovades grades del festival han estat c\u00f2mplices d&#8217;una nit irrepetible. Des de les primeres m\u00e9s \u00edntimes, \u201cNavajas de papel\u201d, \u201cSombra de tu palmera\u201d o \u201cAviones plateados\u201d, , fins als seus nous \u00e8xits, \u201cSombra de tu sombrero \u201do \u201cUn giro teatral\u201d, i els seus himnes m\u00e9s celebrats, \u201cNunca el tiempo es perdido\u201d, \u201cPara que no se duerman los sentidos\u201d, que va presentar amb una frase que va provocar l&#8217;aplaudiment de tot el p\u00fablic. \u201ccanci\u00f3n rebelde, de rechazo, pero con esperanza\u201d. Tots corejats pel p\u00fablic que es va deixar la veu en cada can\u00e7\u00f3. Tamb\u00e9 ha cantat \u201cSan Fernando\u201d o \u201cInsurrecci\u00f3n\u201d. El xou d&#8217;aquesta nit, el\u00e8ctric i energ\u00e8tic, ha suposat un rep\u00e0s fins al m\u00ednim detall de tota la seva discografia en solitari, que ha assolit recentment el seu cinqu\u00e8 t\u00edtol amb \u201cLos d\u00edas intactos\u201d. Avui, Manolo Garc\u00eda ha deixat avui una empremta inesborrable al Festival de Cap Roig en un concert per a la hist\u00f2ria.<\/p>\n<p>Fuente: Girona Noticies &#8211; <a href=\"http:\/\/www.gironanoticies.com\/noticies\/noticia.php?id=23342\" target=\"_new\">ENLACE<\/a> &#8211; Traducci\u00f3n con Google Translate: <a href=\"http:\/\/translate.google.es\/translate?sl=auto&amp;tl=es&amp;js=n&amp;prev=_t&amp;hl=es&amp;ie=UTF-8&amp;layout=2&amp;eotf=1&amp;u=http%3A%2F%2Fwww.gironanoticies.com%2Fnoticies%2Fnoticia.php%3Fid%3D23342\" target=\"_new\">ENLACE<\/a><\/p>\n","protected":false},"excerpt":{"rendered":"<p>A les 22:14h ha sortit Manolo Garc\u00eda a l&#8217;escenari a l&#8217;aire lliure dels Jardins de Cap Roig, a Calella de Palafrugell (Girona), aixecant una inusitada expectaci\u00f3. Ning\u00fa volia perdre per res del m\u00f3n l&#8217;oportunitat de veure&#8217;l en directe. Aquesta nit el seu p\u00fablic m\u00e9s fidel ha viscut el concert amb una especial emoci\u00f3 i tots<a class=\"moretag\" href=\"https:\/\/www.manologarciaycia.com\/?p=3687\" title=\"MG: M\u00c9S DE 2.100 ESPECTADORS HA REUNIT MANOLO GARCIA A CAP ROIG.\" target=\"_self\" rel=\"follow\"> <font face=arial size=2>[Leer m\u00e1s]<\/font> <\/a><\/p>\n","protected":false},"author":2,"featured_media":0,"comment_status":"closed","ping_status":"closed","sticky":false,"template":"","format":"standard","meta":{"footnotes":""},"categories":[1],"tags":[],"class_list":["post-3687","post","type-post","status-publish","format-standard","hentry","category-manolo-garcia"],"_links":{"self":[{"href":"https:\/\/www.manologarciaycia.com\/index.php?rest_route=\/wp\/v2\/posts\/3687","targetHints":{"allow":["GET"]}}],"collection":[{"href":"https:\/\/www.manologarciaycia.com\/index.php?rest_route=\/wp\/v2\/posts"}],"about":[{"href":"https:\/\/www.manologarciaycia.com\/index.php?rest_route=\/wp\/v2\/types\/post"}],"author":[{"embeddable":true,"href":"https:\/\/www.manologarciaycia.com\/index.php?rest_route=\/wp\/v2\/users\/2"}],"replies":[{"embeddable":true,"href":"https:\/\/www.manologarciaycia.com\/index.php?rest_route=%2Fwp%2Fv2%2Fcomments&post=3687"}],"version-history":[{"count":9,"href":"https:\/\/www.manologarciaycia.com\/index.php?rest_route=\/wp\/v2\/posts\/3687\/revisions"}],"predecessor-version":[{"id":3699,"href":"https:\/\/www.manologarciaycia.com\/index.php?rest_route=\/wp\/v2\/posts\/3687\/revisions\/3699"}],"wp:attachment":[{"href":"https:\/\/www.manologarciaycia.com\/index.php?rest_route=%2Fwp%2Fv2%2Fmedia&parent=3687"}],"wp:term":[{"taxonomy":"category","embeddable":true,"href":"https:\/\/www.manologarciaycia.com\/index.php?rest_route=%2Fwp%2Fv2%2Fcategories&post=3687"},{"taxonomy":"post_tag","embeddable":true,"href":"https:\/\/www.manologarciaycia.com\/index.php?rest_route=%2Fwp%2Fv2%2Ftags&post=3687"}],"curies":[{"name":"wp","href":"https:\/\/api.w.org\/{rel}","templated":true}]}}