{"id":3685,"date":"2012-07-23T09:06:14","date_gmt":"2012-07-23T07:06:14","guid":{"rendered":"http:\/\/www.manologarciaycia.com\/?p=3685"},"modified":"2012-07-23T09:06:14","modified_gmt":"2012-07-23T07:06:14","slug":"mg-manolo-garcia-levanta-pasiones","status":"publish","type":"post","link":"https:\/\/www.manologarciaycia.com\/?p=3685","title":{"rendered":"MG: Manolo Garc\u00eda levanta pasiones"},"content":{"rendered":"<p>M\u00e1s de 2100 personas gozaron de un Manolo Garc\u00eda muy entregado en su primera actuaci\u00f3n en el Festival de Cap Roig. Dos a\u00f1os despu\u00e9s que Manolo Garc\u00eda llenase los escenarios con su antiguo trabajo discogr\u00e1fico \u2018Saldremos a la lluvia\u2019,  ahora vuelve con energ\u00eda renovada para recorrer ciudades y pueblos y colgar el cartel de agotado.  <\/p>\n<p>El cantante catal\u00e1n presenta su quinto trabajo bajo el titulo \u2018Los d\u00edas intactos\u2019 y ayer visit\u00f3 Cap Roig por primera vez para presentarlo. Con las entradas agotadas des de hac\u00eda semanas, las m\u00e1s de 2100 personas que estaban presentes se emocionaron y entregaron con las canciones del artista catal\u00e1n. Fue tanta la entrega que Manolo Garc\u00eda baj\u00f3 a cantar entre el p\u00fablico, creando la euforia entre los asistentes.  <\/p>\n<p>\u201cNavajas de papel\u201d, \u201cSombra de tu palmera\u201d,  \u201cAviones plateados\u201d, \u201cSombra de tu sombrero\u201d, \u201cUn giro teatral\u201d, \u201cNunca el tiempo es perdido\u201d, \u201cPara que no se duerman los sentidos\u201d, \u201cSan Fernando\u201d o \u201cInsurrecci\u00f3n\u201d fueron algunas de las canciones que sonaron ayer.<\/p>\n<p>Fuente: Vavel.com &#8211; <a href='http:\/\/www.vavel.com\/es\/musica\/177777-manolo-garcia-levanta-pasiones.html' target=_new>ENLACE<\/a><\/p>\n","protected":false},"excerpt":{"rendered":"<p>M\u00e1s de 2100 personas gozaron de un Manolo Garc\u00eda muy entregado en su primera actuaci\u00f3n en el Festival de Cap Roig. Dos a\u00f1os despu\u00e9s que Manolo Garc\u00eda llenase los escenarios con su antiguo trabajo discogr\u00e1fico \u2018Saldremos a la lluvia\u2019, ahora vuelve con energ\u00eda renovada para recorrer ciudades y pueblos y colgar el cartel de agotado.<a class=\"moretag\" href=\"https:\/\/www.manologarciaycia.com\/?p=3685\" title=\"MG: Manolo Garc\u00eda levanta pasiones\" target=\"_self\" rel=\"follow\"> <font face=arial size=2>[Leer m\u00e1s]<\/font> <\/a><\/p>\n","protected":false},"author":2,"featured_media":0,"comment_status":"closed","ping_status":"closed","sticky":false,"template":"","format":"standard","meta":{"footnotes":""},"categories":[1],"tags":[],"class_list":["post-3685","post","type-post","status-publish","format-standard","hentry","category-manolo-garcia"],"_links":{"self":[{"href":"https:\/\/www.manologarciaycia.com\/index.php?rest_route=\/wp\/v2\/posts\/3685","targetHints":{"allow":["GET"]}}],"collection":[{"href":"https:\/\/www.manologarciaycia.com\/index.php?rest_route=\/wp\/v2\/posts"}],"about":[{"href":"https:\/\/www.manologarciaycia.com\/index.php?rest_route=\/wp\/v2\/types\/post"}],"author":[{"embeddable":true,"href":"https:\/\/www.manologarciaycia.com\/index.php?rest_route=\/wp\/v2\/users\/2"}],"replies":[{"embeddable":true,"href":"https:\/\/www.manologarciaycia.com\/index.php?rest_route=%2Fwp%2Fv2%2Fcomments&post=3685"}],"version-history":[{"count":1,"href":"https:\/\/www.manologarciaycia.com\/index.php?rest_route=\/wp\/v2\/posts\/3685\/revisions"}],"predecessor-version":[{"id":3686,"href":"https:\/\/www.manologarciaycia.com\/index.php?rest_route=\/wp\/v2\/posts\/3685\/revisions\/3686"}],"wp:attachment":[{"href":"https:\/\/www.manologarciaycia.com\/index.php?rest_route=%2Fwp%2Fv2%2Fmedia&parent=3685"}],"wp:term":[{"taxonomy":"category","embeddable":true,"href":"https:\/\/www.manologarciaycia.com\/index.php?rest_route=%2Fwp%2Fv2%2Fcategories&post=3685"},{"taxonomy":"post_tag","embeddable":true,"href":"https:\/\/www.manologarciaycia.com\/index.php?rest_route=%2Fwp%2Fv2%2Ftags&post=3685"}],"curies":[{"name":"wp","href":"https:\/\/api.w.org\/{rel}","templated":true}]}}