{"id":3682,"date":"2012-07-21T12:17:41","date_gmt":"2012-07-21T10:17:41","guid":{"rendered":"http:\/\/www.manologarciaycia.com\/?p=3682"},"modified":"2012-07-23T09:15:20","modified_gmt":"2012-07-23T07:15:20","slug":"mg-manolo-garcia-als-jardins-de-cap-roig","status":"publish","type":"post","link":"https:\/\/www.manologarciaycia.com\/?p=3682","title":{"rendered":"MG: Manolo Garc\u00eda als Jardins de Cap Roig"},"content":{"rendered":"<p><img loading=\"lazy\" decoding=\"async\" class=\"alignright\" src=\"http:\/\/fotos00.diaridegirona.cat\/fotos\/noticias\/646x260\/2012-07-20_IMG_2012-07-20_10:43:15_mgarcia.jpg\" alt=\"\" width=\"512\" height=\"339\" \/> El 21 de juliol a les 22:00, al magn\u00edfic entorn de Cap Roig a Palafrugell.<\/p>\n<p>Dos anys despr\u00e9s de ?nalitzar la seva gira anterior, Manolo Garc\u00eda, un dels grans noms propis del pop-rock espanyol, torna a omplir els recintes de tot el pa\u00eds presentant les noves can\u00e7ons del seu nou treball, Los d\u00edas intactos. I, com ja \u00e9s costum, ho fa encadenant tots els concerts, un rere l\u00b4altre, amb les entrades esgotades: tot un cl\u00e0ssic a les seves gires. Aquest cinqu\u00e8 treball en solitari de l\u00b4artista catal\u00e0 va entrar directament en el n\u00famero u de vendes. En aquest moment, ja supera el triple disc de plat\u00ed i, en conseq\u00fc\u00e8ncia, \u00e9s un dels \u00e0lbums m\u00e9s venuts dels darrers sis mesos a Espanya. El pr\u00f2xim 21 de juliol, Manolo Garc\u00eda actua per primera vegada en concert al Festival de Cap Roig, interpretant els seus nous temes i els \u00e8xits de sempre de la seva discogra?a.<\/p>\n<p> (en Catal\u00e0 y en Castellano)<\/p>\n<p>\u00abUn giro teatral\u00bb, el primer single de l\u00b4\u00e0lbum, aix\u00ed com la resta de can\u00e7ons de la seva nova<br \/>\nproducci\u00f3, es va gravar als estudis MusicLan, a Avinyonet de Puigvent\u00f3s (Girona), i a l\u00b4Ocean Way Recording de Los Angeles (Calif\u00f2rnia), on han treballat artistes tan emblem\u00e0tics com The Rolling Stones, Eric Clapton, Michael Jackson, Green Day, Radiohead, Joni Mitchell o Red Hot Chili Peppers, per esmentar nom\u00e9s alguns noms. Els m\u00fasics del nou disc s\u00f3n el guitarrista Waddy Wachtel, els baixistes Leland Sklar i Bob Glaub, el bateria Kenny Aronoff&#8230; Tots han tocat amb Bob Dylan, Keith Richards, James Taylor, Elton John, Stevie Nicks, Jackson Browne, The Rolling Stones, Ray Charles, Randy Newman, Rod Stewart, B. B. King, Tom Waits?<br \/>\nAquests instrumentistes nord-americans, m\u00fasics de primer\u00edssim nivell, s\u00b4han unit a la n\u00f2mina excel\u00b7lent de m\u00fasics habituals de Manolo Garc\u00eda a les sessions de MusicLan.<\/p>\n<p>La publicaci\u00f3 de Los d\u00edas intactos es produeix dos anys despr\u00e9s d\u00b4haver ?nalitzat la gira del seu disc anterior, Saldremos a la lluvia, que va apar\u00e8ixer el 2008 i era el quart \u00e0lbum de la seva carrera en solitari. Abans havia llan\u00e7at Para que no se duNunca el tiempo es perdido (2001) i Arena en los bolsillos (1998).<\/p>\n<p>Fuente: Diari de Girona &#8211; <a href=\"http:\/\/www.diaridegirona.cat\/cultura\/2012\/07\/20\/manolo-garcia-als-jardins-cap-roig\/573042.html\" target=\"_new\">ENLACE<\/a> &#8211; Traducci\u00f3n con Google Translate: <a href=\"http:\/\/translate.google.es\/translate?sl=ca&amp;tl=es&amp;js=n&amp;prev=_t&amp;hl=es&amp;ie=UTF-8&amp;layout=2&amp;eotf=1&amp;u=http%3A%2F%2Fwww.diaridegirona.cat%2Fcultura%2F2012%2F07%2F20%2Fmanolo-garcia-als-jardins-cap-roig%2F573042.html\" target=\"_new\">ENLACE<\/a><\/p>\n","protected":false},"excerpt":{"rendered":"<p>El 21 de juliol a les 22:00, al magn\u00edfic entorn de Cap Roig a Palafrugell. Dos anys despr\u00e9s de ?nalitzar la seva gira anterior, Manolo Garc\u00eda, un dels grans noms propis del pop-rock espanyol, torna a omplir els recintes de tot el pa\u00eds presentant les noves can\u00e7ons del seu nou treball, Los d\u00edas intactos. I,<a class=\"moretag\" href=\"https:\/\/www.manologarciaycia.com\/?p=3682\" title=\"MG: Manolo Garc\u00eda als Jardins de Cap Roig\" target=\"_self\" rel=\"follow\"> <font face=arial size=2>[Leer m\u00e1s]<\/font> <\/a><\/p>\n","protected":false},"author":2,"featured_media":0,"comment_status":"closed","ping_status":"closed","sticky":false,"template":"","format":"standard","meta":{"footnotes":""},"categories":[1],"tags":[],"class_list":["post-3682","post","type-post","status-publish","format-standard","hentry","category-manolo-garcia"],"_links":{"self":[{"href":"https:\/\/www.manologarciaycia.com\/index.php?rest_route=\/wp\/v2\/posts\/3682","targetHints":{"allow":["GET"]}}],"collection":[{"href":"https:\/\/www.manologarciaycia.com\/index.php?rest_route=\/wp\/v2\/posts"}],"about":[{"href":"https:\/\/www.manologarciaycia.com\/index.php?rest_route=\/wp\/v2\/types\/post"}],"author":[{"embeddable":true,"href":"https:\/\/www.manologarciaycia.com\/index.php?rest_route=\/wp\/v2\/users\/2"}],"replies":[{"embeddable":true,"href":"https:\/\/www.manologarciaycia.com\/index.php?rest_route=%2Fwp%2Fv2%2Fcomments&post=3682"}],"version-history":[{"count":4,"href":"https:\/\/www.manologarciaycia.com\/index.php?rest_route=\/wp\/v2\/posts\/3682\/revisions"}],"predecessor-version":[{"id":3697,"href":"https:\/\/www.manologarciaycia.com\/index.php?rest_route=\/wp\/v2\/posts\/3682\/revisions\/3697"}],"wp:attachment":[{"href":"https:\/\/www.manologarciaycia.com\/index.php?rest_route=%2Fwp%2Fv2%2Fmedia&parent=3682"}],"wp:term":[{"taxonomy":"category","embeddable":true,"href":"https:\/\/www.manologarciaycia.com\/index.php?rest_route=%2Fwp%2Fv2%2Fcategories&post=3682"},{"taxonomy":"post_tag","embeddable":true,"href":"https:\/\/www.manologarciaycia.com\/index.php?rest_route=%2Fwp%2Fv2%2Ftags&post=3682"}],"curies":[{"name":"wp","href":"https:\/\/api.w.org\/{rel}","templated":true}]}}