{"id":3677,"date":"2012-07-20T12:38:34","date_gmt":"2012-07-20T10:38:34","guid":{"rendered":"http:\/\/www.manologarciaycia.com\/?p=3677"},"modified":"2012-07-20T12:41:43","modified_gmt":"2012-07-20T10:41:43","slug":"mg-estamos-en-una-situacion-involutiva-muy-extrana","status":"publish","type":"post","link":"https:\/\/www.manologarciaycia.com\/?p=3677","title":{"rendered":"MG: \u00abEstamos en una situaci\u00f3n involutiva muy extra\u00f1a\u00bb"},"content":{"rendered":"<p><img loading=\"lazy\" decoding=\"async\" alt=\"\" src=\"http:\/\/media.grupojoly.com\/imagen.php?imagen=\/\/0001155000\/0001155428.jpg&#038;an=230\" class=\"alignleft\" width=\"230\" height=\"175\" \/> &#8216;Los d\u00edas intactos&#8217; es el \u00faltimo disco de una carrera larga y honesta. Siempre hizo canciones, pero tambi\u00e9n trabaj\u00f3 para una agencia de publicidad y en un taller de cuadros costumbristas.<\/p>\n<p>Manolo Garc\u00eda (Barcelona, 1955) no sab\u00eda saltar el potro, ni el plinto y en el f\u00fatbol siempre lo pon\u00edan de portero&#8230; Al poco, ni eso. El murciano, as\u00ed lo llamaban en Barcelona, aprendi\u00f3 pronto que prefer\u00eda refugiarse en un mundo de mentirijillas armado por sus dibujos y su versos. Estudi\u00f3 cuatro a\u00f1os en la Escuela de Artes Aplicadas porque lo tumbaron en las pruebas de acceso de la Escuela de Bellas Artes Massana. Trabaj\u00f3 para una agencia de publicidad. En un taller de cuadros costumbristas&#8230; Siempre hizo canciones. Los d\u00edas intactos es el \u00faltimo disco de una carrera larga y honesta. Pero esa es otra historia&#8230;<\/p>\n<p><b>-\u00bfNota ya el desgaste de la gira?<\/b><br \/>\n-No, es un privilegio poder encararme al p\u00fablico. Es una oportunidad de compartir emotividad y de compartir sue\u00f1os, que es algo muy necesario en los tiempos que corren.<\/p>\n<p><b>-\u00a1Ah! \u00bfPero a\u00fan nos queda sitio para so\u00f1ar?<\/b><br \/>\n-Ahora es m\u00e1s necesario que nunca y la utop\u00eda cobra mayor sentido, nos lo ponen a huevo. Estamos en una situaci\u00f3n involutiva muy extra\u00f1a donde lo que se ha conseguido con much\u00edsimo esfuerzo en avance social en los \u00faltimos 35 a\u00f1os se est\u00e1 perdiendo en 6 meses. Entonces el hueco que ha de ocupar el sue\u00f1o y la utop\u00eda es important\u00edsmo porque la realidad diaria es muy extra\u00f1a y provoca una sensaci\u00f3n de miedo general, de ca\u00edda de fichas de domin\u00f3. Noticias que parecen muy peque\u00f1as me parecen tremendamente destructivas. <\/p>\n<p> noticia \/ entrevista completa.<\/p>\n<p><b>-\u00bfPor ejemplo&#8230;?<\/b><br \/>\n-Que se vayan a cerrar escuelas rurales. Ese enunciado me da mucha tristeza y me tengo que defender de ese miedo. La posibilidad de que much\u00edsimos ni\u00f1os tengan que meterse en autobuses, con el riesgo que eso conlleva, veinte o treinta kil\u00f3metros lejos de sus casas cada d\u00eda para ir a la escuela&#8230; Estas cosas me duelen y eso es lo que a m\u00ed me lleva a seguir haciendo canciones y a seguir haciendo conciertos en directo, porque me consuelo de esas peque\u00f1as congojas que para algunas personas son verdaderas cat\u00e1strofes.<\/p>\n<p><b>-Y aun as\u00ed cree que hay d\u00edas intactos&#8230; Pero, \u00bfhay algo que no haya tocado la mano del hombre?<\/b><br \/>\n-Lo intacto est\u00e1 en el interior, el exterior est\u00e1 bastante contaminado, en general&#8230; Pero, como sabemos todos, hay problemas que llevas contigo te vayas donde te vayas. Hay que tener la capacidad de amansar las aguas en el interior. S\u00ed hay d\u00edas intactos. La posibilidad de blancura y de punto cero est\u00e1 en ti. Hay que ser positivos, pero, \u00bfc\u00f3mo se lo decimos a los millones de parados? La teor\u00eda la sabemos todos pero, luego, en el d\u00eda a d\u00eda la losa que est\u00e1 sobre nosotros es muy dura. Aun as\u00ed yo defiendo que una actitud de seguir adelante da mejores resultados que meterte en el agujero.<\/p>\n<p><b>-Pero es bien complicado&#8230;<\/b><br \/>\n-Te cuento una peque\u00f1a an\u00e9cdota, aunque es eso, una an\u00e9cdota. Yo tengo un amigo que de repente se encontr\u00f3 en la calle con casi 50 a\u00f1os y con la desesperaci\u00f3n de saber que no vas a encontrar nada. Bueno, pues a \u00e9l siempre le hab\u00eda gustado el barro, la arcilla, as\u00ed que se puso a aprender m\u00e1s en serio, se compr\u00f3 un peque\u00f1o horno y hoy d\u00eda va a ferias de pueblos vendiendo sus cuencos, sus platos, adornos&#8230; No se hace millonario pero come, vive y est\u00e1 m\u00e1s alegre que antes.<\/p>\n<p><b>-En cierta manera, usted tambi\u00e9n es una especie de artesano. Lleva un ritmo diferente al de la industria. \u00bfC\u00f3mo se defiende?<\/b><br \/>\n-Pues no acepto demasiados encargos, los encargos me los hago yo. Creo que han pasado trece a\u00f1os desde que me separ\u00e9 de El \u00faltimo de la fila e hice primer disco en solitario, desde entonces s\u00f3lo he hecho cinco discos. Si hubiera dicho 13, pues te dir\u00eda que al final me dej\u00e9 llevar, pero no. Me gusta la manufactura, me gusta hacer piezas \u00fanicas, irrepetibles que salen del mismo taller y del mismo oficial. Tambi\u00e9n es que no pierdo de vista una m\u00e1xima muy andaluza y, en el fondo, muy latina, \u00abse trabaja para vivir\u00bb.<\/p>\n<p><b>-\u00bfPerro Records es ese taller?<\/b><br \/>\n-S\u00ed, en ese taller hago la cocci\u00f3n de mis piezas pero para distribuir hay que acudir a un mayorista que es quien me pone las piezas en el mercado y me ayuda a promocionarlas. S\u00ed he querido preservar siempre la parte de la creaci\u00f3n, todo lo que conlleva la parte art\u00edstica es un terreno acotado donde no puede entrar absolutamente nadie. Luego en la parte comercial hay unos se\u00f1ores que viven de eso y hacen su trabajo lo mejor posible. No voy a enga\u00f1ar a nadie, nunca he tenido vocaci\u00f3n de cerrarme, ni de hacer algo para una elite, al contrario, cuanta m\u00e1s gente acceda a lo que hago pues mejor para m\u00ed. Primero porque me ayuda seguir en el oficio, a vender las piezas a mi ritmo y sacarlas a mi ritmo. Si vendo pocas piezas, tendr\u00eda que hacer muchas y muy deprisa. As\u00ed puedo vivir de mi trabajo. Antes trabajaba en otras cosas que no eran de mi complacencia, digamos. <\/p>\n<p><b>-\u00bfEl taller del barrio de La Verneda, por ejemplo?<\/b><br \/>\n-(R\u00ede) \u00a1Qu\u00e9 va! Ah\u00ed aprend\u00ed tambi\u00e9n&#8230; Recuerdo la prueba que me hicieron para entrar. Yo ten\u00eda 14 a\u00f1os. Te daban una paleta de colores, una tela en blanco y te dec\u00edan hazme una roca, hazme tal, hazme cual&#8230; A m\u00ed me pidieron una nube. Yo ya sab\u00eda c\u00f3mo hacer una nube, c\u00f3mo mezclar el magenta, el a\u00f1il, el blanco para hacer esa t\u00edpica nube rosada, algodonada, horriblemente kitsch pero que daba resultado en esos cuadros. <\/p>\n<p><b>-Se convirti\u00f3 en especialista en nubes y lagos. Luego tambi\u00e9n aparecer\u00edan en sus canciones.<\/b><br \/>\n-S\u00ed , \u00bfpero sabes por qu\u00e9 est\u00e1n? Porque me fui de all\u00ed. Si me quedaba all\u00ed, mi vida se iba a convertir en un mundo de nubes azules, rosadas, y empezar\u00eda a odiar las nubes azules, rosadas y no sabr\u00eda pintar otra cosa, y yo quer\u00eda pintar otra cosa. Muchas cosas. <\/p>\n<p><b>-\u00bfLleva los pinceles siempre? Pongamos, \u00bfen la maleta de la gira?<\/b><br \/>\n-En mi maleta llevo m\u00e1s l\u00e1pices de colores, m\u00e1s pinceles y m\u00e1s libros que ropa interior. Y eso es lo que hago en los hoteles, pasar los d\u00edas dibujando, escribiendo e intentando que del mundo exterior me llegue lo que a m\u00ed me interesa, no lo que les interesa a unos pocos que me llegue.<\/p>\n<p><b>-\u00a1Libros!, \u00bfqu\u00e9 lee ahora?<\/b><br \/>\n-An\u00edbal en Hispania. La pen\u00ednsula me entusiasma. Y cuando salgo de la Pen\u00ednsula siento una cierta nostalgia. Y de la Pen\u00ednsula, el Sur ocupa un lugar important\u00edsimo.<\/p>\n<p><b>-\u00bfQu\u00e9 tiene el Sur? <\/b><br \/>\n-El Sur es patria. Y eso que siempre digo que la patria es la infancia&#8230; Realmente la patria es lo que t\u00fa quieres que sea. Las banderas y los himnos es algo impuesto, es algo que t\u00fa tienes que decidir&#8230; El Sur es mi patria.<\/p>\n<p>Fuente: Diario de Sevilla &#8211; <a href='http:\/\/www.diariodesevilla.es\/article\/entrevistas\/1311486\/estamos\/una\/situacion\/involutiva\/muy\/extrana.html' target=_new>ENLACE<\/a><\/p>\n","protected":false},"excerpt":{"rendered":"<p>&#8216;Los d\u00edas intactos&#8217; es el \u00faltimo disco de una carrera larga y honesta. Siempre hizo canciones, pero tambi\u00e9n trabaj\u00f3 para una agencia de publicidad y en un taller de cuadros costumbristas. Manolo Garc\u00eda (Barcelona, 1955) no sab\u00eda saltar el potro, ni el plinto y en el f\u00fatbol siempre lo pon\u00edan de portero&#8230; Al poco, ni<a class=\"moretag\" href=\"https:\/\/www.manologarciaycia.com\/?p=3677\" title=\"MG: \u00abEstamos en una situaci\u00f3n involutiva muy extra\u00f1a\u00bb\" target=\"_self\" rel=\"follow\"> <font face=arial size=2>[Leer m\u00e1s]<\/font> <\/a><\/p>\n","protected":false},"author":2,"featured_media":0,"comment_status":"closed","ping_status":"closed","sticky":false,"template":"","format":"standard","meta":{"footnotes":""},"categories":[1],"tags":[],"class_list":["post-3677","post","type-post","status-publish","format-standard","hentry","category-manolo-garcia"],"_links":{"self":[{"href":"https:\/\/www.manologarciaycia.com\/index.php?rest_route=\/wp\/v2\/posts\/3677","targetHints":{"allow":["GET"]}}],"collection":[{"href":"https:\/\/www.manologarciaycia.com\/index.php?rest_route=\/wp\/v2\/posts"}],"about":[{"href":"https:\/\/www.manologarciaycia.com\/index.php?rest_route=\/wp\/v2\/types\/post"}],"author":[{"embeddable":true,"href":"https:\/\/www.manologarciaycia.com\/index.php?rest_route=\/wp\/v2\/users\/2"}],"replies":[{"embeddable":true,"href":"https:\/\/www.manologarciaycia.com\/index.php?rest_route=%2Fwp%2Fv2%2Fcomments&post=3677"}],"version-history":[{"count":3,"href":"https:\/\/www.manologarciaycia.com\/index.php?rest_route=\/wp\/v2\/posts\/3677\/revisions"}],"predecessor-version":[{"id":3679,"href":"https:\/\/www.manologarciaycia.com\/index.php?rest_route=\/wp\/v2\/posts\/3677\/revisions\/3679"}],"wp:attachment":[{"href":"https:\/\/www.manologarciaycia.com\/index.php?rest_route=%2Fwp%2Fv2%2Fmedia&parent=3677"}],"wp:term":[{"taxonomy":"category","embeddable":true,"href":"https:\/\/www.manologarciaycia.com\/index.php?rest_route=%2Fwp%2Fv2%2Fcategories&post=3677"},{"taxonomy":"post_tag","embeddable":true,"href":"https:\/\/www.manologarciaycia.com\/index.php?rest_route=%2Fwp%2Fv2%2Ftags&post=3677"}],"curies":[{"name":"wp","href":"https:\/\/api.w.org\/{rel}","templated":true}]}}