{"id":3674,"date":"2012-07-17T13:32:44","date_gmt":"2012-07-17T11:32:44","guid":{"rendered":"http:\/\/www.manologarciaycia.com\/?p=3674"},"modified":"2015-01-19T15:10:13","modified_gmt":"2015-01-19T14:10:13","slug":"mg-cronica-del-concierto-de-tarragona","status":"publish","type":"post","link":"https:\/\/www.manologarciaycia.com\/?p=3674","title":{"rendered":"MG: Cr\u00f3nica del concierto de Tarragona"},"content":{"rendered":"<p><a href=\"http:\/\/www.manologarciaycia.com\/wp-content\/uploads\/2012\/07\/CDO_MG_1.png\"><img loading=\"lazy\" decoding=\"async\" class=\"alignleft wp-image-11696 size-medium\" src=\"http:\/\/www.manologarciaycia.com\/wp-content\/uploads\/2012\/07\/CDO_MG_1-500x331.png\" alt=\"CDO_MG_1\" width=\"500\" height=\"331\" srcset=\"https:\/\/www.manologarciaycia.com\/wp-content\/uploads\/2012\/07\/CDO_MG_1-500x331.png 500w, https:\/\/www.manologarciaycia.com\/wp-content\/uploads\/2012\/07\/CDO_MG_1.png 630w\" sizes=\"auto, (max-width: 500px) 100vw, 500px\" \/><\/a>\u201cY un a\u00f1o y otro a\u00f1o\u201d, volvi\u00f3, cant\u00f3 y arras\u00f3.<br \/>\nEmpezamos la calurosa noche con la tranquilidad de un peque\u00f1o ac\u00fastico y con los ritmos de la caja que llenan el escenario para acompa\u00f1ar \u201cLa sombra de una palmera\u201d.<\/p>\n<p>Y nos comenta, para presentar \u201cAviones plateados\u201d, que las canciones no solo sirven para so\u00f1ar tambi\u00e9n para volar&#8230;sol\u00f3 han pasado tres canciones y el concierto ya es del p\u00fablico, la platea llena, ya no hay nadie sentado.<\/p>\n<p>En estos tiempos que corren, el concierto lo dedic\u00f3 a la gente m\u00e1s desfavorecida, y tambi\u00e9n hubo tiempo para reivindicar la CULTURA, ya que un dia antes nos amenazaron con aumento de impuesto; Manolo reinvindic\u00f3 la cultura como la fuerza de los desposeidos haciendo un homenaje a Miguel Rios con su gran canci\u00f3n \u201cInsurreci\u00f3n\u201d.<\/p>\n<p>La entrega del p\u00fablico es total, haciendo los coros en \u201cA veces se enciende\u201d y con \u201cMalva\u201d siembra canciones y recoje flores, cari\u00f1o y peluches. El escenario, que como siempre esta cuidado al detalle, se va llenando de objetos que el p\u00fablico le da, y algunos colgados de su micro le acompa\u00f1aran durante toda la gira.<\/p>\n<p>Nos acompa\u00f1a desde el escenario una bailaria, en sombra chinas y real, que pueda ser el alter-ego de Manolo, haciendo sus canciones m\u00e1s grandes, m\u00e1s sentidas.<br \/>\nY se va a dar una vuelta con \u201cNunca el tiempo es perdido\u201d entre su p\u00fablico y vuelve locos a los de seguridad que no consiguen seguirlo&#8230; est\u00e1 comodo con su gente.<\/p>\n<p>Seguimos dando vueltas entre \u201cLos dias intactos\u201d y su discogr\u00e1fia pasada. Y salpicando las canciones con agradecimientos al p\u00fablico: por acompa\u00f1arles, por sonreir, por la energia; estamos en un momento donde todo no puede ser malo: El valor y el sentimiento, lo \u00fanico que nos puede salvar. Estar animado, estar contento es resistir.<\/p>\n<p>Y acabamos como empezamos con un peque\u00f1o ac\u00fastico donde Manolo nos deleita con un (medio) baile y nos comenta \u201cque f\u00e1cil es divertirse&#8230; nada complicado\u201d para despedirnos con la cl\u00e1sica ranchera&#8230; ayayayayyyyyyyyyyy. \u00abSalut, alegria i una mica d\u2019anarquia!!!\u00bb<\/p>\n<p><a href=\"http:\/\/www.manologarciaycia.com\/wp-content\/uploads\/2012\/07\/CDO_MG_4.png\"><img loading=\"lazy\" decoding=\"async\" class=\"aligncenter size-full wp-image-11697\" src=\"http:\/\/www.manologarciaycia.com\/wp-content\/uploads\/2012\/07\/CDO_MG_4.png\" alt=\"CDO_MG_4\" width=\"625\" height=\"417\" srcset=\"https:\/\/www.manologarciaycia.com\/wp-content\/uploads\/2012\/07\/CDO_MG_4.png 625w, https:\/\/www.manologarciaycia.com\/wp-content\/uploads\/2012\/07\/CDO_MG_4-500x334.png 500w\" sizes=\"auto, (max-width: 625px) 100vw, 625px\" \/><\/a><\/p>\n<p><a href=\"http:\/\/www.manologarciaycia.com\/wp-content\/uploads\/2012\/07\/CDO_MG_3.png\"><img loading=\"lazy\" decoding=\"async\" class=\"aligncenter size-large wp-image-11698\" src=\"http:\/\/www.manologarciaycia.com\/wp-content\/uploads\/2012\/07\/CDO_MG_3.png\" alt=\"CDO_MG_3\" width=\"615\" height=\"409\" srcset=\"https:\/\/www.manologarciaycia.com\/wp-content\/uploads\/2012\/07\/CDO_MG_3.png 627w, https:\/\/www.manologarciaycia.com\/wp-content\/uploads\/2012\/07\/CDO_MG_3-500x333.png 500w\" sizes=\"auto, (max-width: 615px) 100vw, 615px\" \/><\/a><\/p>\n<p><a href=\"http:\/\/www.manologarciaycia.com\/wp-content\/uploads\/2012\/07\/CDO_MG_2.png\"><img loading=\"lazy\" decoding=\"async\" class=\"aligncenter size-large wp-image-11699\" src=\"http:\/\/www.manologarciaycia.com\/wp-content\/uploads\/2012\/07\/CDO_MG_2.png\" alt=\"CDO_MG_2\" width=\"615\" height=\"406\" srcset=\"https:\/\/www.manologarciaycia.com\/wp-content\/uploads\/2012\/07\/CDO_MG_2.png 631w, https:\/\/www.manologarciaycia.com\/wp-content\/uploads\/2012\/07\/CDO_MG_2-500x330.png 500w\" sizes=\"auto, (max-width: 615px) 100vw, 615px\" \/><\/a><\/p>\n<p>&nbsp;<\/p>\n<p>Fuente: Costa Dorada On Line &#8211; <a href=\"http:\/\/www.costadoradaonline.net\/Eve.Rents-Tarr-concierto-manolo-garcia-2012.html\" target=\"_new\">ENLACE &#8211; Estupenda Galer\u00eda de Fotos!<\/a><\/p>\n","protected":false},"excerpt":{"rendered":"<p>\u201cY un a\u00f1o y otro a\u00f1o\u201d, volvi\u00f3, cant\u00f3 y arras\u00f3. Empezamos la calurosa noche con la tranquilidad de un peque\u00f1o ac\u00fastico y con los ritmos de la caja que llenan el escenario para acompa\u00f1ar \u201cLa sombra de una palmera\u201d. Y nos comenta, para presentar \u201cAviones plateados\u201d, que las canciones no solo sirven para so\u00f1ar tambi\u00e9n<a class=\"moretag\" href=\"https:\/\/www.manologarciaycia.com\/?p=3674\" title=\"MG: Cr\u00f3nica del concierto de Tarragona\" target=\"_self\" rel=\"follow\"> <font face=arial size=2>[Leer m\u00e1s]<\/font> <\/a><\/p>\n","protected":false},"author":2,"featured_media":0,"comment_status":"closed","ping_status":"closed","sticky":false,"template":"","format":"standard","meta":{"footnotes":""},"categories":[1],"tags":[],"class_list":["post-3674","post","type-post","status-publish","format-standard","hentry","category-manolo-garcia"],"_links":{"self":[{"href":"https:\/\/www.manologarciaycia.com\/index.php?rest_route=\/wp\/v2\/posts\/3674","targetHints":{"allow":["GET"]}}],"collection":[{"href":"https:\/\/www.manologarciaycia.com\/index.php?rest_route=\/wp\/v2\/posts"}],"about":[{"href":"https:\/\/www.manologarciaycia.com\/index.php?rest_route=\/wp\/v2\/types\/post"}],"author":[{"embeddable":true,"href":"https:\/\/www.manologarciaycia.com\/index.php?rest_route=\/wp\/v2\/users\/2"}],"replies":[{"embeddable":true,"href":"https:\/\/www.manologarciaycia.com\/index.php?rest_route=%2Fwp%2Fv2%2Fcomments&post=3674"}],"version-history":[{"count":4,"href":"https:\/\/www.manologarciaycia.com\/index.php?rest_route=\/wp\/v2\/posts\/3674\/revisions"}],"predecessor-version":[{"id":11701,"href":"https:\/\/www.manologarciaycia.com\/index.php?rest_route=\/wp\/v2\/posts\/3674\/revisions\/11701"}],"wp:attachment":[{"href":"https:\/\/www.manologarciaycia.com\/index.php?rest_route=%2Fwp%2Fv2%2Fmedia&parent=3674"}],"wp:term":[{"taxonomy":"category","embeddable":true,"href":"https:\/\/www.manologarciaycia.com\/index.php?rest_route=%2Fwp%2Fv2%2Fcategories&post=3674"},{"taxonomy":"post_tag","embeddable":true,"href":"https:\/\/www.manologarciaycia.com\/index.php?rest_route=%2Fwp%2Fv2%2Ftags&post=3674"}],"curies":[{"name":"wp","href":"https:\/\/api.w.org\/{rel}","templated":true}]}}