{"id":3672,"date":"2012-07-17T08:46:27","date_gmt":"2012-07-17T06:46:27","guid":{"rendered":"http:\/\/www.manologarciaycia.com\/?p=3672"},"modified":"2012-07-17T08:46:27","modified_gmt":"2012-07-17T06:46:27","slug":"eventillo-festivalero-de-la-banda-de-manolo-garcia-en-roses","status":"publish","type":"post","link":"https:\/\/www.manologarciaycia.com\/?p=3672","title":{"rendered":"Eventillo Festivalero de la Banda de Manolo Garc\u00eda en Roses!"},"content":{"rendered":"<p><img loading=\"lazy\" decoding=\"async\" class=\"aligncenter\" src=\"https:\/\/fbcdn-sphotos-a.akamaihd.net\/hphotos-ak-ash3\/c0.0.843.403\/p843x403\/557256_515386371809802_1928458403_n.jpg\" alt=\"\" width=\"843\" height=\"403\" \/><br \/>\nRicardo Mar\u00edn nos invita a este eventillo festivalero:<\/p>\n<p><em>\u00abAmig@s si quereis pasar un buen rato con la banda de M.Garc\u00eda,aprovechamos el viaje de este fin de semana a \u00abCalella de Palafugell\u00bb S\u00e1bado 21 de Julio&#8230; para hacer una paradita en L\u00b4Hort D&#8217;en Minguets (Roses) el Domingo (21.30h) que adem\u00e1s de visitar a nuestra querida \u00abLluisa\u00bb,disfrutaremos de una buena tarde-noche concierto con Juan Carlos Garcia ,Nacho Lesko,I\u00f1igo Goldaracena y Ricardo Mar\u00edn en directo,est\u00e1is invitados y avisados!! Abrazos!!\u00bb<\/em><\/p>\n<p>Fuente: Ricardo Mar\u00edn.<\/p>\n","protected":false},"excerpt":{"rendered":"<p>Ricardo Mar\u00edn nos invita a este eventillo festivalero: \u00abAmig@s si quereis pasar un buen rato con la banda de M.Garc\u00eda,aprovechamos el viaje de este fin de semana a \u00abCalella de Palafugell\u00bb S\u00e1bado 21 de Julio&#8230; para hacer una paradita en L\u00b4Hort D&#8217;en Minguets (Roses) el Domingo (21.30h) que adem\u00e1s de visitar a nuestra querida \u00abLluisa\u00bb,disfrutaremos<a class=\"moretag\" href=\"https:\/\/www.manologarciaycia.com\/?p=3672\" title=\"Eventillo Festivalero de la Banda de Manolo Garc\u00eda en Roses!\" target=\"_self\" rel=\"follow\"> <font face=arial size=2>[Leer m\u00e1s]<\/font> <\/a><\/p>\n","protected":false},"author":2,"featured_media":0,"comment_status":"closed","ping_status":"closed","sticky":false,"template":"","format":"standard","meta":{"footnotes":""},"categories":[1,23],"tags":[],"class_list":["post-3672","post","type-post","status-publish","format-standard","hentry","category-manolo-garcia","category-otros"],"_links":{"self":[{"href":"https:\/\/www.manologarciaycia.com\/index.php?rest_route=\/wp\/v2\/posts\/3672","targetHints":{"allow":["GET"]}}],"collection":[{"href":"https:\/\/www.manologarciaycia.com\/index.php?rest_route=\/wp\/v2\/posts"}],"about":[{"href":"https:\/\/www.manologarciaycia.com\/index.php?rest_route=\/wp\/v2\/types\/post"}],"author":[{"embeddable":true,"href":"https:\/\/www.manologarciaycia.com\/index.php?rest_route=\/wp\/v2\/users\/2"}],"replies":[{"embeddable":true,"href":"https:\/\/www.manologarciaycia.com\/index.php?rest_route=%2Fwp%2Fv2%2Fcomments&post=3672"}],"version-history":[{"count":1,"href":"https:\/\/www.manologarciaycia.com\/index.php?rest_route=\/wp\/v2\/posts\/3672\/revisions"}],"predecessor-version":[{"id":3673,"href":"https:\/\/www.manologarciaycia.com\/index.php?rest_route=\/wp\/v2\/posts\/3672\/revisions\/3673"}],"wp:attachment":[{"href":"https:\/\/www.manologarciaycia.com\/index.php?rest_route=%2Fwp%2Fv2%2Fmedia&parent=3672"}],"wp:term":[{"taxonomy":"category","embeddable":true,"href":"https:\/\/www.manologarciaycia.com\/index.php?rest_route=%2Fwp%2Fv2%2Fcategories&post=3672"},{"taxonomy":"post_tag","embeddable":true,"href":"https:\/\/www.manologarciaycia.com\/index.php?rest_route=%2Fwp%2Fv2%2Ftags&post=3672"}],"curies":[{"name":"wp","href":"https:\/\/api.w.org\/{rel}","templated":true}]}}