{"id":3664,"date":"2012-07-16T09:07:36","date_gmt":"2012-07-16T07:07:36","guid":{"rendered":"http:\/\/www.manologarciaycia.com\/?p=3664"},"modified":"2012-07-16T09:08:07","modified_gmt":"2012-07-16T07:08:07","slug":"mg-un-ano-mas-manolo-garcia","status":"publish","type":"post","link":"https:\/\/www.manologarciaycia.com\/?p=3664","title":{"rendered":"MG: Un a\u00f1o m\u00e1s, Manolo Garc\u00eda"},"content":{"rendered":"<p><img loading=\"lazy\" decoding=\"async\" alt=\"\" src=\"http:\/\/www.tarragona21.com\/wp-content\/uploads\/2012\/07\/manolo-495x371.jpg\" class=\"alignright\" width=\"495\" height=\"371\" \/> El cantante barcelon\u00e9s volvi\u00f3 a actuar en un Camp de Mart que core\u00f3 \u2018Los d\u00edas intactos\u2019, el quinto trabajo en solitario del ex l\u00edder del m\u00edtico El \u00faltimo de la fila.<\/p>\n<p>\u00abUn a\u00f1o y otro a\u00f1o, tanto tiempo.\/Tantas lunas de agosto que cumplen&#8230;\u00bb, reza la letra de una de las canciones de Los d\u00edas intactos, el quinto trabajo en solitario de Manolo Garc\u00eda. Y un a\u00f1o m\u00e1s el cantante del Poblenou barcelon\u00e9s lleg\u00f3 a Tarragona, actu\u00f3 y arras\u00f3 \u2013casi como C\u00e9sar\u2013 en un escenario que al propio Garc\u00eda le emociona, seg\u00fan confes\u00f3 en una reciente entrevista al Diari. Y si la Tarraco romana emociona a Garc\u00eda, \u00e9sta se rinde al ex l\u00edder de El \u00daltimo de la fila. Ayer el Camp de Mart se llen\u00f3 hasta los topes para escuchar su nuevo \u00e1lbum.<\/p>\n<p>Compuesto por 14 canciones in\u00e9ditas, Los d\u00edas intactos recupera el Manolo Garc\u00eda m\u00e1s rockero. Garc\u00eda lo grab\u00f3  a caballo entre Catalunya y Estados Unidos \u2013los estudios de Music Lan Recording en Figueres y Ocean Way Recording, de Los Angeles\u2013, y se rode\u00f3 de m\u00fasicos de elite como los guitarristas Waddy Watchel y Mark Goldengerg, los bajistas Leland Sklar y Bob Glaub y el bater\u00eda Kenny Aronoff. <\/p>\n<p>.<\/p>\n<p>En su gira, la banda que le acompa\u00f1a tiene un buen director y el p\u00fablico lo agradece adem\u00e1s de rememorar los viejos tiempos de Manolo Garc\u00eda con algunos de sus temas m\u00e1s tradicionales. Manolo Garc\u00eda ser\u00e1 siempre la voz de El \u00daltimo de la Fila, pero su trayectoria en solitario \u2013desde que el grupo anunci\u00f3 oficialmente su disoluci\u00f3n el 13 de enero de 1998, tras dos a\u00f1os sin grabar una canci\u00f3n\u2013 no ha desmerecido para nada su bagaje musical, aunque en el o\u00eddo de todos los amantes de la buena m\u00fasica ha quedado grabado a fuego el primer disco de Quimi Portet y Manolo Garc\u00eda: Cuando la pobreza entra por la puerta, el amor sale por la ventana. <\/p>\n<p>Del primer \u00e1lbum sin sus compa\u00f1eros \u2013Arena en los bolsillos\u2013 vendi\u00f3 900.000 discos en s\u00f3lo una semana de 1998, algo que s\u00f3lo han conseguido muy pocos cantantes al afrontar el reto de una carrera en solitario tras dejar un grupo triunfante. P\u00e1jaros de barro fue uno de los temas m\u00e1s exitosos de aquel primer \u00e1lbum. El propio Manolo Garc\u00eda comparaba esa canci\u00f3n con Cabalgar la eternidad (del \u00faltimo \u00e1lbum) como ejemplo de su evoluci\u00f3n. <\/p>\n<p>Tras Arena en los bolsillos, vinieron Nunca el tiempo es perdido (2001), Para que no se duerman mis sentidos (2004) y Saldremos a la lluvia (2008). Ahora, en su quinto \u00e1lbum, ha compuesto Todos amamos desesperadamente, Un a\u00f1o y otro a\u00f1o, Un alma de papel, Un giro teatral, Sombra en la sombra de tu sombrero, Estoy alegre, Compasi\u00f3n y silencio, Junto a ti, Creyente bajo torres de alta tensi\u00f3n, Los errantes, Lo que me distes cuando nada te ped\u00ed, Estamos ah\u00ed, Un giro teatral, Un alma de papel y el mencionado Cabalgar la eternidad.<\/p>\n<p>La de Manolo Garc\u00eda es la segunda actuaci\u00f3n en el Festival de Estiu de Tarragona \u2013el ETC\u2013. La pr\u00f3xima es la de Pat Metheny Unity Band el jueves 19 a las 22 h.<\/p>\n<p>Fuente: Diari de Tarragona &#8211; <a href='http:\/\/www.diaridetarragona.com\/diaridestiu\/069099\/ano\/mas\/manolo\/garcia' target=_new>ENLACE<\/a><\/p>\n","protected":false},"excerpt":{"rendered":"<p>El cantante barcelon\u00e9s volvi\u00f3 a actuar en un Camp de Mart que core\u00f3 \u2018Los d\u00edas intactos\u2019, el quinto trabajo en solitario del ex l\u00edder del m\u00edtico El \u00faltimo de la fila. \u00abUn a\u00f1o y otro a\u00f1o, tanto tiempo.\/Tantas lunas de agosto que cumplen&#8230;\u00bb, reza la letra de una de las canciones de Los d\u00edas intactos,<a class=\"moretag\" href=\"https:\/\/www.manologarciaycia.com\/?p=3664\" title=\"MG: Un a\u00f1o m\u00e1s, Manolo Garc\u00eda\" target=\"_self\" rel=\"follow\"> <font face=arial size=2>[Leer m\u00e1s]<\/font> <\/a><\/p>\n","protected":false},"author":2,"featured_media":0,"comment_status":"closed","ping_status":"closed","sticky":false,"template":"","format":"standard","meta":{"footnotes":""},"categories":[1],"tags":[],"class_list":["post-3664","post","type-post","status-publish","format-standard","hentry","category-manolo-garcia"],"_links":{"self":[{"href":"https:\/\/www.manologarciaycia.com\/index.php?rest_route=\/wp\/v2\/posts\/3664","targetHints":{"allow":["GET"]}}],"collection":[{"href":"https:\/\/www.manologarciaycia.com\/index.php?rest_route=\/wp\/v2\/posts"}],"about":[{"href":"https:\/\/www.manologarciaycia.com\/index.php?rest_route=\/wp\/v2\/types\/post"}],"author":[{"embeddable":true,"href":"https:\/\/www.manologarciaycia.com\/index.php?rest_route=\/wp\/v2\/users\/2"}],"replies":[{"embeddable":true,"href":"https:\/\/www.manologarciaycia.com\/index.php?rest_route=%2Fwp%2Fv2%2Fcomments&post=3664"}],"version-history":[{"count":2,"href":"https:\/\/www.manologarciaycia.com\/index.php?rest_route=\/wp\/v2\/posts\/3664\/revisions"}],"predecessor-version":[{"id":3666,"href":"https:\/\/www.manologarciaycia.com\/index.php?rest_route=\/wp\/v2\/posts\/3664\/revisions\/3666"}],"wp:attachment":[{"href":"https:\/\/www.manologarciaycia.com\/index.php?rest_route=%2Fwp%2Fv2%2Fmedia&parent=3664"}],"wp:term":[{"taxonomy":"category","embeddable":true,"href":"https:\/\/www.manologarciaycia.com\/index.php?rest_route=%2Fwp%2Fv2%2Fcategories&post=3664"},{"taxonomy":"post_tag","embeddable":true,"href":"https:\/\/www.manologarciaycia.com\/index.php?rest_route=%2Fwp%2Fv2%2Ftags&post=3664"}],"curies":[{"name":"wp","href":"https:\/\/api.w.org\/{rel}","templated":true}]}}