{"id":3661,"date":"2012-07-13T10:14:16","date_gmt":"2012-07-13T08:14:16","guid":{"rendered":"http:\/\/www.manologarciaycia.com\/?p=3661"},"modified":"2012-07-13T11:35:23","modified_gmt":"2012-07-13T09:35:23","slug":"mg-manolo-garcia-en-huesca-el-15-de-septiembre-de-la-mano-de-la-zoiti","status":"publish","type":"post","link":"https:\/\/www.manologarciaycia.com\/?p=3661","title":{"rendered":"MG: Manolo Garc\u00eda, en Huesca el 15 de septiembre de la mano de la Zoiti (ya a la venta)"},"content":{"rendered":"<p><img loading=\"lazy\" decoding=\"async\" class=\"alignleft\" src=\"http:\/\/www.radiohuesca.com\/fotos\/29574.jpg\" alt=\"\" width=\"500\" height=\"365\" \/> La Pe\u00f1a Zoiti y el Ayuntamiento de Huesca traen el pr\u00f3ximo 15 de septiembre a Manolo Garc\u00eda, en el que ser\u00e1 su segundo concierto en 3 a\u00f1os tras el \u00e9xito cosechado en 2009. La cita, en el Palacio de los Deportes, se enmarca dentro de la gira de presentaci\u00f3n de su \u00faltimo trabajo, \u201cLos d\u00edas intactos\u201d.<br \/>\nPara adaptarse a las caracter\u00edsticas de esta gira, el Palacio de Deportes ser\u00e1 acondicionado con sillas en la pista y aforado. As\u00ed, Manolo Garc\u00eda llega con toda su fuerza habitual en los directos pero en un espacio reducido, acercando as\u00ed el artista al p\u00fablico y a la inversa. <\/p>\n<p>Este concierto forma parte de la gira de teatros y auditorios de su nuevo \u00e1lbum \u201cLos d\u00edas intactos\u201d, que ha permanecido tres semanas consecutivas en el n\u00ba1 de la lista de los m\u00e1s vendidos en Espa\u00f1a y es ya Triple Disco de Platino.<\/p>\n<p>Ya a la venta en <a href='http:\/\/www.ticketmaster.es' target=_new>Ticketmaster<\/a><\/p>\n<p>Fuente: Radio Huesca &#8211; <a href='http:\/\/www.radiohuesca.com\/noticia\/470455\/Manolo-Garcia-en-Huesca-el-15-de-septiembre-de-la-mano-de-la-Zoiti' target=_new>ENLACE<\/a><\/p>\n","protected":false},"excerpt":{"rendered":"<p>La Pe\u00f1a Zoiti y el Ayuntamiento de Huesca traen el pr\u00f3ximo 15 de septiembre a Manolo Garc\u00eda, en el que ser\u00e1 su segundo concierto en 3 a\u00f1os tras el \u00e9xito cosechado en 2009. La cita, en el Palacio de los Deportes, se enmarca dentro de la gira de presentaci\u00f3n de su \u00faltimo trabajo, \u201cLos d\u00edas<a class=\"moretag\" href=\"https:\/\/www.manologarciaycia.com\/?p=3661\" title=\"MG: Manolo Garc\u00eda, en Huesca el 15 de septiembre de la mano de la Zoiti (ya a la venta)\" target=\"_self\" rel=\"follow\"> <font face=arial size=2>[Leer m\u00e1s]<\/font> <\/a><\/p>\n","protected":false},"author":2,"featured_media":0,"comment_status":"closed","ping_status":"closed","sticky":false,"template":"","format":"standard","meta":{"footnotes":""},"categories":[1],"tags":[],"class_list":["post-3661","post","type-post","status-publish","format-standard","hentry","category-manolo-garcia"],"_links":{"self":[{"href":"https:\/\/www.manologarciaycia.com\/index.php?rest_route=\/wp\/v2\/posts\/3661","targetHints":{"allow":["GET"]}}],"collection":[{"href":"https:\/\/www.manologarciaycia.com\/index.php?rest_route=\/wp\/v2\/posts"}],"about":[{"href":"https:\/\/www.manologarciaycia.com\/index.php?rest_route=\/wp\/v2\/types\/post"}],"author":[{"embeddable":true,"href":"https:\/\/www.manologarciaycia.com\/index.php?rest_route=\/wp\/v2\/users\/2"}],"replies":[{"embeddable":true,"href":"https:\/\/www.manologarciaycia.com\/index.php?rest_route=%2Fwp%2Fv2%2Fcomments&post=3661"}],"version-history":[{"count":2,"href":"https:\/\/www.manologarciaycia.com\/index.php?rest_route=\/wp\/v2\/posts\/3661\/revisions"}],"predecessor-version":[{"id":3663,"href":"https:\/\/www.manologarciaycia.com\/index.php?rest_route=\/wp\/v2\/posts\/3661\/revisions\/3663"}],"wp:attachment":[{"href":"https:\/\/www.manologarciaycia.com\/index.php?rest_route=%2Fwp%2Fv2%2Fmedia&parent=3661"}],"wp:term":[{"taxonomy":"category","embeddable":true,"href":"https:\/\/www.manologarciaycia.com\/index.php?rest_route=%2Fwp%2Fv2%2Fcategories&post=3661"},{"taxonomy":"post_tag","embeddable":true,"href":"https:\/\/www.manologarciaycia.com\/index.php?rest_route=%2Fwp%2Fv2%2Ftags&post=3661"}],"curies":[{"name":"wp","href":"https:\/\/api.w.org\/{rel}","templated":true}]}}