{"id":3656,"date":"2012-07-11T08:25:23","date_gmt":"2012-07-11T06:25:23","guid":{"rendered":"http:\/\/www.manologarciaycia.com\/?p=3656"},"modified":"2012-07-11T08:25:23","modified_gmt":"2012-07-11T06:25:23","slug":"mg-tiempos-de-insurreccion","status":"publish","type":"post","link":"https:\/\/www.manologarciaycia.com\/?p=3656","title":{"rendered":"MG: Tiempos de insurrecci\u00f3n"},"content":{"rendered":"<p><img loading=\"lazy\" decoding=\"async\" alt=\"\" src=\"http:\/\/media.grupojoly.com\/imagen.php?imagen=\/\/0001147500\/0001147655.jpg&#038;an=580&#038;alt=440&#038;checkSize=1\" class=\"alignright\" width=\"335\" height=\"203\" \/> Manolo Garc\u00eda triunfa en la plaza de toros de San Fernando con los &#8216;manoleros&#8217; entregados, en un concierto lleno de mensajes comprometidos.<\/p>\n<p>\u00ab\u00a1Manolito, Manolito!\u00bb. La familiaridad tiene estas cosas. Le quieren porque Manolo nunca les falla. Y porque les ha acompa\u00f1ado desde la adolescencia como la banda sonora de sus vidas. Manolito, aunque roce la sesentena. Ni Don Manuel (que lo merece) ni Manolo. Y esa complicidad volvi\u00f3 a ponerse de manifiesto en la noche del domingo. Garc\u00eda estuvo torero en la plaza de San Fernando. Trep\u00f3 por las torres de iluminaci\u00f3n del escenario, salt\u00f3 al ruedo (nunca mejor dicho) y se alz\u00f3 sobre las barreras del coso isle\u00f1o ante un p\u00fablico -b\u00e1sicamente de treinta\u00f1eros para arriba- que lo llen\u00f3. \u00abNo solo ven\u00eds, sino que est\u00e1is\u00bb. Y rugieron sus incondicionales. El cantante barcelon\u00e9s ofreci\u00f3 un soberbio espect\u00e1culo de dos horas y media, con varios amagos de acabar que fueron abortados porque los manoleros no se mov\u00edan del recinto. Le conocen. Saben que estira los conciertos hasta el habitual cierre mexicano. \u00abSin ranchera no hay concierto\u00bb, grit\u00f3 Manolo Garc\u00eda antes de ofrecer la \u00faltima pieza. <\/p>\n<p>.<br \/>\nFue una noche de mensajes. Los m\u00e1s po\u00e9ticos, musicados, forman parte de su extensa discograf\u00eda tanto en solitario como en aquellos grupos como &#8216;Los burros&#8217;, &#8216;Los r\u00e1pidos&#8217; o &#8216;El \u00faltimo de la fila&#8217;. Los verbales, entre copla y copla, mostraron al Garc\u00eda m\u00e1s comprometido. Llam\u00f3 a la Insurrecci\u00f3n de la juventud a trav\u00e9s de su m\u00edtico tema. \u00abA los j\u00f3venes, que son el futuro, no se les puede recortar\u00bb, bram\u00f3 el de la camisa negra. \u00abEstar alegres es la defensa contra el apocalipsis que nos anuncian desde los medios de comunicaci\u00f3n\u00bb, dijo despu\u00e9s de cantar Sombra de la sombra de tu sombrero, canci\u00f3n incluida en su \u00faltimo disco &#8216;Los d\u00edas intactos&#8217;, motivo de la gira que hizo parada en La Isla. Critic\u00f3 a los poderosos, banqueros y pol\u00edticos, advirtiendo de que la base de la pir\u00e1mide se puede volver en contra de la c\u00faspide. Y tuvo palabras de apoyo para los mineros y los agricultores andaluces. <\/p>\n<p>El repertorio se bas\u00f3 en las creaciones de su carrera en solitario, aunque hubo hueco para la nostalgia con Aviones plateados, A veces se enciende o Los \u00e1ngeles no tienen h\u00e9lices, de &#8216;El \u00faltimo de la fila&#8217;. Incluso Disneylandia, con la que abri\u00f3 el concierto, tema de su etapa en &#8216;Los burros&#8217;. No falt\u00f3 A San Fernando, un ratito a pie y otro caminando, muy coreada al igual que Malva, ni P\u00e1jaros de barro, emblema y punto de partida de su trayectoria en solitario. <\/p>\n<p>Pasada la una de la madrugada, Manolo Garc\u00eda se encontr\u00f3 con una sorpresa. Le entregaron el carn\u00e9 de socio n\u00famero 1 del Club Deportivo San Fernando para la pr\u00f3xima temporada. Acab\u00f3 su actuaci\u00f3n vistiendo la camiseta del club isle\u00f1o.<\/p>\n<p>Fuente: Diario de C\u00e1diz &#8211; <a href='http:\/\/www.diariodecadiz.es\/article\/ocio\/1303172\/tiempos\/insurreccion.html' targeT=_new>ENLACE<\/a><\/p>\n","protected":false},"excerpt":{"rendered":"<p>Manolo Garc\u00eda triunfa en la plaza de toros de San Fernando con los &#8216;manoleros&#8217; entregados, en un concierto lleno de mensajes comprometidos. \u00ab\u00a1Manolito, Manolito!\u00bb. La familiaridad tiene estas cosas. Le quieren porque Manolo nunca les falla. Y porque les ha acompa\u00f1ado desde la adolescencia como la banda sonora de sus vidas. Manolito, aunque roce la<a class=\"moretag\" href=\"https:\/\/www.manologarciaycia.com\/?p=3656\" title=\"MG: Tiempos de insurrecci\u00f3n\" target=\"_self\" rel=\"follow\"> <font face=arial size=2>[Leer m\u00e1s]<\/font> <\/a><\/p>\n","protected":false},"author":2,"featured_media":0,"comment_status":"closed","ping_status":"closed","sticky":false,"template":"","format":"standard","meta":{"footnotes":""},"categories":[1],"tags":[],"class_list":["post-3656","post","type-post","status-publish","format-standard","hentry","category-manolo-garcia"],"_links":{"self":[{"href":"https:\/\/www.manologarciaycia.com\/index.php?rest_route=\/wp\/v2\/posts\/3656","targetHints":{"allow":["GET"]}}],"collection":[{"href":"https:\/\/www.manologarciaycia.com\/index.php?rest_route=\/wp\/v2\/posts"}],"about":[{"href":"https:\/\/www.manologarciaycia.com\/index.php?rest_route=\/wp\/v2\/types\/post"}],"author":[{"embeddable":true,"href":"https:\/\/www.manologarciaycia.com\/index.php?rest_route=\/wp\/v2\/users\/2"}],"replies":[{"embeddable":true,"href":"https:\/\/www.manologarciaycia.com\/index.php?rest_route=%2Fwp%2Fv2%2Fcomments&post=3656"}],"version-history":[{"count":1,"href":"https:\/\/www.manologarciaycia.com\/index.php?rest_route=\/wp\/v2\/posts\/3656\/revisions"}],"predecessor-version":[{"id":3657,"href":"https:\/\/www.manologarciaycia.com\/index.php?rest_route=\/wp\/v2\/posts\/3656\/revisions\/3657"}],"wp:attachment":[{"href":"https:\/\/www.manologarciaycia.com\/index.php?rest_route=%2Fwp%2Fv2%2Fmedia&parent=3656"}],"wp:term":[{"taxonomy":"category","embeddable":true,"href":"https:\/\/www.manologarciaycia.com\/index.php?rest_route=%2Fwp%2Fv2%2Fcategories&post=3656"},{"taxonomy":"post_tag","embeddable":true,"href":"https:\/\/www.manologarciaycia.com\/index.php?rest_route=%2Fwp%2Fv2%2Ftags&post=3656"}],"curies":[{"name":"wp","href":"https:\/\/api.w.org\/{rel}","templated":true}]}}