{"id":3653,"date":"2012-07-10T09:06:20","date_gmt":"2012-07-10T07:06:20","guid":{"rendered":"http:\/\/www.manologarciaycia.com\/?p=3653"},"modified":"2012-07-10T09:07:04","modified_gmt":"2012-07-10T07:07:04","slug":"mg-manolo-garcia-dejando-huella","status":"publish","type":"post","link":"https:\/\/www.manologarciaycia.com\/?p=3653","title":{"rendered":"MG: Manolo Garc\u00eda, dejando huella"},"content":{"rendered":"<p><center><\/p>\n<p><iframe loading=\"lazy\" width=\"560\" height=\"315\" src=\"http:\/\/www.youtube.com\/embed\/OfFgKn-qs2g\" frameborder=\"0\" allowfullscreen><\/iframe><\/p>\n<p><\/center><\/p>\n<p>Hay muy pocos cantantes como Manolo Garc\u00eda. No s\u00f3lo en el plano art\u00edstico, sino en el personal. Quiz\u00e1 por eso el p\u00fablico le responde como le responde y cumple con lo que \u00e9l mismo dice cuando sube a un escenario y da las gracias \u201cno s\u00f3lo por venir, sino por estar. Venir es muy f\u00e1cil, estar es m\u00e1s dif\u00edcil\u201d.<\/p>\n<p>El p\u00fablico \u201cest\u00e1\u201d en los conciertos de Manolo Garc\u00eda, pero es porque Manolo Garc\u00eda tambi\u00e9n \u201cest\u00e1\u201d. Es un trabajador del escenario, adem\u00e1s de un magn\u00edfico cantante y compositor, y eso se traduce en una humildad que cala, que deja huella y que la ha dejado en varias generaciones que se pudieron ver en la noche del domingo en San Fernando, en la m\u00e1s que centenaria plaza de toros inaugurando los grandes acontecimientos del verano isle\u00f1o.<\/p>\n<p>Comenzar, s\u00f3lo con el piano, con Disneylandia, ya dec\u00eda mucho de cu\u00e1l iban a ser los derroteros del concierto, m\u00e1s de dos horas de cara al p\u00fablico, sin trampa ni cart\u00f3n, con mucha cuerda y poco estrambote, con mucha seguridad en s\u00ed mismo y en los que estaban delante. Estaba dispuesto a sacar a relucir todo lo mejor que ha dado en su carrera, en una selecci\u00f3n de temas elegidos por \u00e9l, pedidos por el p\u00fablico, al que complaci\u00f3 siempre, a veces por partida doble.<\/p>\n<p>Sencillo en la puesta en escena, perfecto el sonido y la luz, magn\u00edfico el ambiente, tambi\u00e9n fue reivindicativo con la situaci\u00f3n actual del pa\u00eds, con los problemas que acucian a la gente sencilla que hab\u00eda all\u00ed, de muchas edades, de mucha condici\u00f3n, c\u00f3mplices todos, m\u00e1s de 2.500 almas \u2013un mundo para como est\u00e1n las cosas y para la poca gente que suele ir a los conciertos en La Isla, menos cuando al d\u00eda siguiente trabajan los que a\u00fan tienen trabajo- como fue reividicativo en la m\u00fasica, con ese \u00faltimo tema Insurrecci\u00f3n, con el que homenaje\u00f3 a Miguel R\u00edos, que lo version\u00f3.<\/p>\n<p>La gente, una vez m\u00e1s en La Isla, en San Fernando, un ratito a pie y otro caminando, sali\u00f3 contenta y con ganas de m\u00e1s, que es la mejor forma de salir de un concierto en el que al final Manolo Garc\u00eda se llev\u00f3 el carnet y la camiseta del San Fernando CD, el equipo de la tierra, de manos del nuevo presidente de la entidad. Para bordar la noche, faltar\u00eda m\u00e1s.<\/p>\n<p>Pormenorizar sobre el concierto resulta balad\u00ed. Fue un todo al que todos contribuyeron, una muestra de que la sencillez y la calidad llegan a todos y se forma esa magia que hace posible que todav\u00eda se sigan llegando plazas de toros con espect\u00e1culos s\u00f3lo al alcance de muy pocos. Como Manolo Garc\u00eda, por ejemplo.<\/p>\n<p>Fuente: Andaluc\u00eda Informaci\u00f3n &#8211; <a href='http:\/\/andaluciainformacion.es\/andalucia\/236263\/manolo-garcia-dejando-huella\/' target=_new>ENLACE<\/a><\/p>\n","protected":false},"excerpt":{"rendered":"<p>Hay muy pocos cantantes como Manolo Garc\u00eda. No s\u00f3lo en el plano art\u00edstico, sino en el personal. Quiz\u00e1 por eso el p\u00fablico le responde como le responde y cumple con lo que \u00e9l mismo dice cuando sube a un escenario y da las gracias \u201cno s\u00f3lo por venir, sino por estar. Venir es muy f\u00e1cil,<a class=\"moretag\" href=\"https:\/\/www.manologarciaycia.com\/?p=3653\" title=\"MG: Manolo Garc\u00eda, dejando huella\" target=\"_self\" rel=\"follow\"> <font face=arial size=2>[Leer m\u00e1s]<\/font> <\/a><\/p>\n","protected":false},"author":2,"featured_media":0,"comment_status":"closed","ping_status":"closed","sticky":false,"template":"","format":"standard","meta":{"footnotes":""},"categories":[1],"tags":[],"class_list":["post-3653","post","type-post","status-publish","format-standard","hentry","category-manolo-garcia"],"_links":{"self":[{"href":"https:\/\/www.manologarciaycia.com\/index.php?rest_route=\/wp\/v2\/posts\/3653","targetHints":{"allow":["GET"]}}],"collection":[{"href":"https:\/\/www.manologarciaycia.com\/index.php?rest_route=\/wp\/v2\/posts"}],"about":[{"href":"https:\/\/www.manologarciaycia.com\/index.php?rest_route=\/wp\/v2\/types\/post"}],"author":[{"embeddable":true,"href":"https:\/\/www.manologarciaycia.com\/index.php?rest_route=\/wp\/v2\/users\/2"}],"replies":[{"embeddable":true,"href":"https:\/\/www.manologarciaycia.com\/index.php?rest_route=%2Fwp%2Fv2%2Fcomments&post=3653"}],"version-history":[{"count":2,"href":"https:\/\/www.manologarciaycia.com\/index.php?rest_route=\/wp\/v2\/posts\/3653\/revisions"}],"predecessor-version":[{"id":3655,"href":"https:\/\/www.manologarciaycia.com\/index.php?rest_route=\/wp\/v2\/posts\/3653\/revisions\/3655"}],"wp:attachment":[{"href":"https:\/\/www.manologarciaycia.com\/index.php?rest_route=%2Fwp%2Fv2%2Fmedia&parent=3653"}],"wp:term":[{"taxonomy":"category","embeddable":true,"href":"https:\/\/www.manologarciaycia.com\/index.php?rest_route=%2Fwp%2Fv2%2Fcategories&post=3653"},{"taxonomy":"post_tag","embeddable":true,"href":"https:\/\/www.manologarciaycia.com\/index.php?rest_route=%2Fwp%2Fv2%2Ftags&post=3653"}],"curies":[{"name":"wp","href":"https:\/\/api.w.org\/{rel}","templated":true}]}}