{"id":3647,"date":"2012-07-08T16:56:02","date_gmt":"2012-07-08T14:56:02","guid":{"rendered":"http:\/\/www.manologarciaycia.com\/?p=3647"},"modified":"2012-07-08T16:56:02","modified_gmt":"2012-07-08T14:56:02","slug":"mg-iremos-un-ratito-a-pie-y-otro-caminando","status":"publish","type":"post","link":"https:\/\/www.manologarciaycia.com\/?p=3647","title":{"rendered":"MG: Iremos un ratito a pie y otro caminando"},"content":{"rendered":"<p><img loading=\"lazy\" decoding=\"async\" class=\"alignleft\" src=\"http:\/\/media.grupojoly.com\/imagen.php?imagen=\/\/0001146000\/0001146162.jpg&amp;an=230\" alt=\"\" width=\"230\" height=\"491\" \/> \u00abLl\u00e9vame esta noche a San Fernando, iremos un ratito a pie y otro caminando&#8230;\u00bb A\u00fan no sabemos c\u00f3mo se desarrollar\u00e1 esta noche en La Isla el concierto de Manolo Garc\u00eda pero es f\u00e1cil imaginar al personal de la Plaza de Toros desga\u00f1itado, a voz en grito, identificando un nombre con una ciudad, quiz\u00e1s no la ciudad para la que fuera concebido el tema pero, qu\u00e9 m\u00e1s da, Manolo Garc\u00eda canta \u00abll\u00e9vame esta noche a San Fernando\u00bb y el p\u00fablico gaditano ensancha sonrisa, espanta los males, alza las manos y es feliz. \u00bfNo se trata de eso, al fin y al cabo? Rozar, por un momento, la esquiva utop\u00eda, la felicidad. <\/p>\n<p>A Manolo, de todas formas, le gusta San Fernando, le gusta C\u00e1diz, le gusta el Sur. As\u00ed que suponemos que lo entona de coraz\u00f3n: \u00abLl\u00e9vame esta noche a San Fernando&#8230;\u00bb A veces se escapa a La Isla para tomar un pesca\u00edto, da una vuelta por C\u00e1diz, pasea por Alcal\u00e1&#8230; Y no lo molesta nadie. Eso tambi\u00e9n le gusta a Manolo. Perderse entre la gente, entre las calles, observar, respirar, anotar cosillas en su libreta, dibujar en los hoteles&#8230; Encontrar, al fin, un repunte de esos D\u00edas intactos, una especie de blanco luminoso que atraviesa las horas, los lugares, lo exterior y lo interior ba\u00f1\u00e1ndolo y acerc\u00e1ndolo a otra utop\u00eda mal amante, la eternidad. <\/p>\n<p>Porque Manolo no se sit\u00faa en un territorio f\u00edsico. A Manolo lo anima un territorio social, una rebeld\u00eda social. Y ah\u00ed est\u00e1 el secreto. Sus pinturas no son m\u00e1s que jerogl\u00edficos que ocultan su disconformidad con el devenir de los acontecimientos. Otro tanto le ocurre a sus canciones. \u00bfNo lo creen? \u00c9l mismo lo cuenta: \u00abTodo parte de esa idea que he tenido siempre desde muy joven de que yo no puedo ser feliz si mi vecino no es feliz, que yo no puedo disfrutar de la plenitud de mi vida si lo que me rodea es decadencia, es pobreza, es miseria, es dolor&#8230; \u00bfPor qu\u00e9 nos putean de esta manera? \u00bfPor qu\u00e9 a los mineros no los dejan ganarse la vida? \u00bfPor qu\u00e9 se cierran escuelas rurales? \u00bfC\u00f3mo puede ser que obliguen a la gente mayor a seguir trabajando y la gente joven est\u00e9 mano sobre mano? \u00bfEs justo que la gente joven se tenga que ir fuera porque aqu\u00ed se le cierran las puertas?&#8230; Eso me subleva y me lleva a pintar, a escribir, porque sino exploto y me cabreo\u00bb. En esta provincia, algo sabemos de eso.<\/p>\n<p>Fuente: Diario de Cadiz &#8211; <a href='http:\/\/www.diariodecadiz.es\/article\/cadiz\/1301832\/iremos\/ratito\/pie\/y\/otro\/caminando.html' target=_new>ENLACE<\/a><\/p>\n","protected":false},"excerpt":{"rendered":"<p>\u00abLl\u00e9vame esta noche a San Fernando, iremos un ratito a pie y otro caminando&#8230;\u00bb A\u00fan no sabemos c\u00f3mo se desarrollar\u00e1 esta noche en La Isla el concierto de Manolo Garc\u00eda pero es f\u00e1cil imaginar al personal de la Plaza de Toros desga\u00f1itado, a voz en grito, identificando un nombre con una ciudad, quiz\u00e1s no la<a class=\"moretag\" href=\"https:\/\/www.manologarciaycia.com\/?p=3647\" title=\"MG: Iremos un ratito a pie y otro caminando\" target=\"_self\" rel=\"follow\"> <font face=arial size=2>[Leer m\u00e1s]<\/font> <\/a><\/p>\n","protected":false},"author":2,"featured_media":0,"comment_status":"closed","ping_status":"closed","sticky":false,"template":"","format":"standard","meta":{"footnotes":""},"categories":[1],"tags":[],"class_list":["post-3647","post","type-post","status-publish","format-standard","hentry","category-manolo-garcia"],"_links":{"self":[{"href":"https:\/\/www.manologarciaycia.com\/index.php?rest_route=\/wp\/v2\/posts\/3647","targetHints":{"allow":["GET"]}}],"collection":[{"href":"https:\/\/www.manologarciaycia.com\/index.php?rest_route=\/wp\/v2\/posts"}],"about":[{"href":"https:\/\/www.manologarciaycia.com\/index.php?rest_route=\/wp\/v2\/types\/post"}],"author":[{"embeddable":true,"href":"https:\/\/www.manologarciaycia.com\/index.php?rest_route=\/wp\/v2\/users\/2"}],"replies":[{"embeddable":true,"href":"https:\/\/www.manologarciaycia.com\/index.php?rest_route=%2Fwp%2Fv2%2Fcomments&post=3647"}],"version-history":[{"count":1,"href":"https:\/\/www.manologarciaycia.com\/index.php?rest_route=\/wp\/v2\/posts\/3647\/revisions"}],"predecessor-version":[{"id":3648,"href":"https:\/\/www.manologarciaycia.com\/index.php?rest_route=\/wp\/v2\/posts\/3647\/revisions\/3648"}],"wp:attachment":[{"href":"https:\/\/www.manologarciaycia.com\/index.php?rest_route=%2Fwp%2Fv2%2Fmedia&parent=3647"}],"wp:term":[{"taxonomy":"category","embeddable":true,"href":"https:\/\/www.manologarciaycia.com\/index.php?rest_route=%2Fwp%2Fv2%2Fcategories&post=3647"},{"taxonomy":"post_tag","embeddable":true,"href":"https:\/\/www.manologarciaycia.com\/index.php?rest_route=%2Fwp%2Fv2%2Ftags&post=3647"}],"curies":[{"name":"wp","href":"https:\/\/api.w.org\/{rel}","templated":true}]}}