{"id":3638,"date":"2012-07-05T22:27:46","date_gmt":"2012-07-05T20:27:46","guid":{"rendered":"http:\/\/www.manologarciaycia.com\/?p=3638"},"modified":"2012-07-05T22:27:46","modified_gmt":"2012-07-05T20:27:46","slug":"mg-concierto-a-coruna-22-septiembre","status":"publish","type":"post","link":"https:\/\/www.manologarciaycia.com\/?p=3638","title":{"rendered":"MG: Concierto A Coru\u00f1a, 22 septiembre"},"content":{"rendered":"<p>Luz Casal alumbra su propio festival, con Manolo Garc\u00eda, Dover y Rosendo.<\/p>\n<p>El peque\u00f1o pueblo de Boimorto (A Coru\u00f1a), centro de pastos ganaderos y campos de cereales, recoger\u00e1 a partir del pr\u00f3ximo mes de septiembre los frutos sembrados por su ciudadana m\u00e1s ilustre, la cantante Luz Casal, que ha decidido impulsar ante la casa que la vio nacer un nuevo festival con vocaci\u00f3n de \u00abromer\u00eda\u00bb.<\/p>\n<p>Manolo Garc\u00eda, Dover, Rosendo y Vega son solo algunos de los artistas que participar\u00e1n en la primera edici\u00f3n de este \u00abFestival de la Luz\u00bb, un evento ben\u00e9fico \u00abcon car\u00e1cter y personalidad\u00bb e inspirado en el brit\u00e1nico Glastonbury, donde disfrutar al mismo tiempo de la naturaleza, de la gastronom\u00eda y de las distintas formas de concebir la m\u00fasica.<\/p>\n<p>\u00abSe trata de una idea que tengo desde hace a\u00f1os, devolver el cari\u00f1o al lugar donde nac\u00ed con algo m\u00e1s especial que un concierto normal\u00bb, ha dicho Casal durante una rueda de prensa celebrada hoy en Madrid junto al promotor Farruco Castrom\u00e1n.<\/p>\n<p>Ser\u00e1 los d\u00edas 22 y 23 de septiembre -\u00aben tiempo de cosecha\u00bb- en su finca familiar en la aldea de Andabao, de 20.000 metros cuadrados, muy cerca de la casa de casi tres siglos que \u00abhace pocos a\u00f1os\u00bb -ha bromeado- vio nacer \u00abun 11\/11 a las once de la ma\u00f1ana\u00bb a esta artista, famosa por \u00e9xitos como \u00abPiensa en m\u00ed\u00bb, \u00abLoca\u00bb y \u00abEntre mis recuerdos\u00bb.<\/p>\n<p><\/p>\n<p>La cita, claramente emotiva para su madrina, contar\u00e1 adem\u00e1s con unos colaboradores muy especiales, algunos de sus \u00abcolegas m\u00e1s cercanos\u00bb, una premisa que se intentar\u00e1 mantener en pr\u00f3ximas ediciones, invitando a m\u00fasicos con los que ella ha tenido relaci\u00f3n y una especial \u00abempat\u00eda\u00bb en su carrera.<\/p>\n<p>En ese ambiente familiar, ha avanzado que se fomentar\u00e1 la \u00abinterrelaci\u00f3n\u00bb entre los artistas participantes, por lo que no ser\u00eda extra\u00f1o que se frag\u00fcen d\u00faos con amigos como Manolo Garc\u00eda o con Rosendo.<\/p>\n<p>El cartel del festival, que contar\u00e1 con dos escenarios y una zona gratuita de acampada, se completar\u00e1 pr\u00f3ximamente con nuevos artistas, pero hoy se ha dado a conocer gran parte de su composici\u00f3n.<\/p>\n<p>As\u00ed, el s\u00e1bado 22 actuar\u00e1n la propia Luz Casal, Manolo Garc\u00eda, la joven cantautora Vega, el grupo vigu\u00e9s Eladio y los Seres Queridos y Eme Dj, gallega afincada en Madrid que se ha convertido en una figura emergente de la m\u00fasica de club.<\/p>\n<p>El d\u00eda siguiente, el programa lo integrar\u00e1n el incombustible Rosendo, que cumple 30 a\u00f1os de carrera, el grupo madrile\u00f1o Dover, Chris Barron (quien fuera l\u00edder de Spin Doctors) y Novedades Carminha, representantes del punk gallego.<\/p>\n<p>La idea es que el festival tenga vocaci\u00f3n \u00abde fiesta, de romer\u00eda\u00bb, con conciertos que empezar\u00e1n desde las doce de la ma\u00f1ana y en los que se dispondr\u00e1 adem\u00e1s un \u00abMercado de la luz\u00bb, con productos gastron\u00f3micos gallegos y un espacio para exponer iniciativas que contribuyan al desarrollo sostenible del \u00e1mbito rural.<\/p>\n<p>Las 5.000 primeras entradas solidarias, que costar\u00e1n 10 euros para uno solo de los dos d\u00edas o 15 en el caso del abono completo, se pondr\u00e1n a la venta el pr\u00f3ximo lunes a trav\u00e9s de la web www.novagaliciabanco.es, sin ning\u00fan gasto de distribuci\u00f3n.<\/p>\n<p>En los siguientes d\u00edas, estar\u00e1n disponibles en otros puntos de Galicia, con 50 c\u00e9ntimos de gastos de distribuci\u00f3n: A Reixa Tenda (Santiago de Compostela), Discos Noni&#8217;s (A Coru\u00f1a), Don Disco (Lugo), Hiper Froiz (Pontevedra y Vilagarc\u00eda de Arousa), Discos Elep\u00e9 (Vigo) y Peggy Records (Ourense).<\/p>\n<p>\u00abEstamos muy ilusionados\u00bb, ha subrayado la artista, que ha agradecido la colaboraci\u00f3n de todas las entidades y artistas participantes y que ha recordado que la recaudaci\u00f3n ir\u00e1 \u00edntegramente destinada a la Asociaci\u00f3n contra el C\u00e1ncer de Galicia.<\/p>\n<p>Fuente: El Economista &#8211; <a href='http:\/\/ecodiario.eleconomista.es\/musica\/noticias\/4097474\/07\/12\/Luz-Casal-alumbra-su-propio-festival-con-Manolo-Garcia-Dover-y-Rosendo.html' target=_new>ENLACE<\/a><\/p>\n","protected":false},"excerpt":{"rendered":"<p>Luz Casal alumbra su propio festival, con Manolo Garc\u00eda, Dover y Rosendo. El peque\u00f1o pueblo de Boimorto (A Coru\u00f1a), centro de pastos ganaderos y campos de cereales, recoger\u00e1 a partir del pr\u00f3ximo mes de septiembre los frutos sembrados por su ciudadana m\u00e1s ilustre, la cantante Luz Casal, que ha decidido impulsar ante la casa que<a class=\"moretag\" href=\"https:\/\/www.manologarciaycia.com\/?p=3638\" title=\"MG: Concierto A Coru\u00f1a, 22 septiembre\" target=\"_self\" rel=\"follow\"> <font face=arial size=2>[Leer m\u00e1s]<\/font> <\/a><\/p>\n","protected":false},"author":2,"featured_media":0,"comment_status":"closed","ping_status":"closed","sticky":false,"template":"","format":"standard","meta":{"footnotes":""},"categories":[1],"tags":[],"class_list":["post-3638","post","type-post","status-publish","format-standard","hentry","category-manolo-garcia"],"_links":{"self":[{"href":"https:\/\/www.manologarciaycia.com\/index.php?rest_route=\/wp\/v2\/posts\/3638","targetHints":{"allow":["GET"]}}],"collection":[{"href":"https:\/\/www.manologarciaycia.com\/index.php?rest_route=\/wp\/v2\/posts"}],"about":[{"href":"https:\/\/www.manologarciaycia.com\/index.php?rest_route=\/wp\/v2\/types\/post"}],"author":[{"embeddable":true,"href":"https:\/\/www.manologarciaycia.com\/index.php?rest_route=\/wp\/v2\/users\/2"}],"replies":[{"embeddable":true,"href":"https:\/\/www.manologarciaycia.com\/index.php?rest_route=%2Fwp%2Fv2%2Fcomments&post=3638"}],"version-history":[{"count":1,"href":"https:\/\/www.manologarciaycia.com\/index.php?rest_route=\/wp\/v2\/posts\/3638\/revisions"}],"predecessor-version":[{"id":3639,"href":"https:\/\/www.manologarciaycia.com\/index.php?rest_route=\/wp\/v2\/posts\/3638\/revisions\/3639"}],"wp:attachment":[{"href":"https:\/\/www.manologarciaycia.com\/index.php?rest_route=%2Fwp%2Fv2%2Fmedia&parent=3638"}],"wp:term":[{"taxonomy":"category","embeddable":true,"href":"https:\/\/www.manologarciaycia.com\/index.php?rest_route=%2Fwp%2Fv2%2Fcategories&post=3638"},{"taxonomy":"post_tag","embeddable":true,"href":"https:\/\/www.manologarciaycia.com\/index.php?rest_route=%2Fwp%2Fv2%2Ftags&post=3638"}],"curies":[{"name":"wp","href":"https:\/\/api.w.org\/{rel}","templated":true}]}}