{"id":3636,"date":"2012-07-05T22:24:22","date_gmt":"2012-07-05T20:24:22","guid":{"rendered":"http:\/\/www.manologarciaycia.com\/?p=3636"},"modified":"2012-07-05T22:24:22","modified_gmt":"2012-07-05T20:24:22","slug":"mg-manolo-garcia-llega-este-viernes-al-foro-con-los-dias-intactos-y-muchas-ganas-de-emocionar","status":"publish","type":"post","link":"https:\/\/www.manologarciaycia.com\/?p=3636","title":{"rendered":"MG: Manolo Garc\u00eda llega este viernes al Foro con &#8216;Los d\u00edas intactos&#8217; y \u00abmuchas ganas de emocionar\u00bb"},"content":{"rendered":"<p><img loading=\"lazy\" decoding=\"async\" alt=\"\" src=\"http:\/\/img.europapress.net\/fotoweb\/fotonoticia_20120705124515_500.jpg\" class=\"alignleft\" width=\"500\" height=\"300\" \/> \u00abQuiero pensar que lo que me queda por hacer es seguir superando mis canciones; la mejor obra siempre est\u00e1 por llegar\u00bb<\/p>\n<p>   El cantautor Manolo Garc\u00eda llega este viernes al Foro Iberoamericano de La R\u00e1bida en Palos de la Frontera (Huelva), donde el artista catal\u00e1n presentar\u00e1 su quinto disco llamado &#8216;Los d\u00edas  intactos&#8217; a las 22,30 horas y donde espera con \u00abmuchas ganas e ilusi\u00f3n\u00bb emocionar al p\u00fablico onubense.<\/p>\n<p>   En una entrevista concedida a Europa Press, el artista ha reconocido que en toda su dilatada carrera \u00abjam\u00e1s ha ido a un concierto sin ganas o desganado\u00bb ya que apuesta porque su p\u00fablico \u00ablo pase bien\u00bb.<\/p>\n<p>   Durante el concierto realizar\u00e1 un repaso por las canciones de su \u00faltimo disco, el cual sali\u00f3 a la venta en octubre de 2011, pero tambi\u00e9n habr\u00e1 tiempo para disfrutar de sus temas de siempre e incluso algunos de &#8216;El \u00faltimo de la fila&#8217; para los m\u00e1s nost\u00e1lgicos.<\/p>\n<p>   Asimismo, tras agradecer \u00abla calidad y el afecto\u00bb del p\u00fablico andaluz, ha explicado que en este \u00faltimo trabajo discogr\u00e1fico ha querido transmitir que \u00abcada d\u00eda es una oportunidad\u00bb.<\/p>\n<p>   En este sentido, el artista ha precisado que el t\u00edtulo del disco &#8216;Los d\u00edas intactos&#8217;, nada tiene que ver con la inmovilidad o la apat\u00eda, sino todo lo contrario.  \u00abCada d\u00eda tenemos la oportunidad de vivir algo nuevo; una oportunidad para disfrutar, para ser mejor persona, para enmendar errores o reunir nuevas fuerzas\u00bb.<\/p>\n<p>   Se trata, seg\u00fan ha enfatizado, de \u00abtener curiosidad por la vida, de estar en la b\u00fasqueda por d\u00edas mejores\u00bb, ya que a veces \u00abse rompe con la apat\u00eda, el tedio cuando tu equipo gana un partido\u00bb, ha puesto como ejemplo.<\/p>\n<p><\/p>\n<p>LLAMADA AL OPTIMISMO<\/p>\n<p>   Por ello, Garc\u00eda ha confesado que \u00abcuando se pone a componer o pintar, uno busca dar sentido a sus d\u00edas, llama a la ilusi\u00f3n, intentar darle otra vuelta a la realidad sencilla, pero clara, de que el mundo es un lugar estupendo y que puede mejorar nuestra manera de estar aqu\u00ed en este planeta\u00bb.<\/p>\n<p>   Este \u00faltimo trabajo, &#8211;en el que se encuentra la canci\u00f3n &#8216;Estoy alegre&#8217;&#8211;, es una llamada al optimismo, \u00abhay que huir de las malas noticias que nos llegan todos los d\u00edas\u00bb, ya que son \u00abcosas que, que si te vas dejando, te van chafando y amargando la vida\u00bb.<\/p>\n<p>   De este modo, ha dejado claro su af\u00e1n por \u00abpropagar m\u00fasica, canciones, compartir momentos de emotividad personales con la gente\u00bb. \u00abCuantas veces no nos ha pasado que una canci\u00f3n por la ma\u00f1ana nos arregla el d\u00eda\u00bb, ha admitido el compositor.<\/p>\n<p>   Por su parte, cuestionado por si con la actual crisis econ\u00f3mica se hace m\u00e1s necesaria la m\u00fasica, el autor se ha mostrado convencido de que el arte en general \u00abno arregla el mundo, pero lo hace m\u00e1s habitable y la vida m\u00e1s llevadera\u00bb. \u00abEst\u00e1 demostrad\u00edsimo que es un calmante de ansiedades, de estr\u00e9s\u00bb, ha a\u00f1adido.<\/p>\n<p>\u00abABSTRAERSE DE LA REALIDAD\u00bb<\/p>\n<p>   Por otro lado, Manolo Garc\u00eda ha apuntado que cuando una persona se encuentra en un proceso creativo, pintando un cuadro o componiendo, \u00abse abstrae de la realidad que le rodea y en ese momento est\u00e1 en la realidad que est\u00e1 creando, se mantiene en un estado de calma y en una realidad controlada\u00bb. As\u00ed, ha afirmado que si ese cuadro, por ejemplo, \u00abtiene un mensaje y deja una impronta, har\u00e1 que otra persona se abstraiga en ese mundo que \u00e9l ha creado\u00bb.  <\/p>\n<p>   \u00abEso no arregla el mundo, pero a qui\u00e9n no le ha alegrado el d\u00eda una canci\u00f3n, le ha dado \u00e1nimos, le acerca a la risa, al llanto y te hace, por tanto, m\u00e1s humano\u00bb, se pregunta. A su juicio, \u00abhace el efecto contrario de la sociedad industrial, tecnol\u00f3gica, que te hace m\u00e1s m\u00e1quina y menos sensible\u00bb. Por este motivo, aboga por \u00abser m\u00e1s anal\u00f3gico y menos digital\u00bb.<\/p>\n<p>   Con una carrera caracterizada por ser polifac\u00e9tica y donde m\u00fasica y pintura se dan la mano, cuestionado por qu\u00e9 aspecto le llena m\u00e1s, no puede elegir. \u00abTodas son complementarias, en todas expongo mis peque\u00f1as posibilidades y a cada una dedico una parte del d\u00eda\u00bb.<\/p>\n<p>   En esta l\u00ednea, el cantautor valora el hecho de, tras la soledad del proceso creador, llegue el momento de compartir con la gente su trabajo porque \u00abno puedo cambiar el mundo, &#8211;ha insistido&#8211;, pero si puedo hacer mi propio mundo y compartirlo con otras personas que tambi\u00e9n buscan peque\u00f1os mundos\u00bb.<\/p>\n<p>\u00abLO MEJOR, POR LLEGAR\u00bb<\/p>\n<p>   \u00abYo me conformo con pensar que hago cosas que le gustan a la gente, que le emocionan. Quiero pensar que lo que me queda por hacer es seguir superando mis canciones; siempre el artista, en general, cree que su mejor obra est\u00e1 por llegar\u00bb, ha admitido con la humildad que s\u00f3lo tienen los grandes artistas.<\/p>\n<p>   En su opini\u00f3n, \u00ab\u00e9se es el anzuelo por el que vamos detr\u00e1s, queremos pensar que lo mejor est\u00e1 por llegar\u00bb, de manera que, \u00abhay que disfrutar de las canciones, de los conciertos porque quedan m\u00e1s canciones y m\u00e1s conciertos\u00bb.<\/p>\n<p>   Ha asegurado que tiene \u00abun respeto absoluto por el p\u00fablico y por s\u00ed mismo\u00bb, y preguntado por cu\u00e1l es el secreto para mantenerse en el mundo de la m\u00fasica durante tanto tiempo y preservar su vida privada, lo tiene claro: \u00abmi sentido de la \u00e9tica me indica que soy una persona como una m\u00e1s; con unas capacidades para hacer m\u00fasica pop, que hago con toda mi buena voluntad y nada m\u00e1s\u00bb, ha resaltado.<\/p>\n<p>    Del mismo modo, ha remarcado que su vida personal \u00abno tiene nada de excepcional, es como la de todo el mundo\u00bb. Por ello, \u00abcreo que ser\u00eda un acto de vanidad demasiado grande pretender contar mis cosas personales\u00bb, las cuales deja para la familia y amigos, ha incidido.<\/p>\n<p>   \u00abSi tengo algo que ofrecer a los dem\u00e1s de m\u00ed, no soy yo, es mi trabajo, mis canciones, y eso es lo que ofrezco, lo que me hace diferente, porque por lo dem\u00e1s soy como el resto del mundo\u00bb, ha destacado Garc\u00eda, que considera \u00abmalsano\u00bb alimentar otro tipo de cosas. Sin entrar a criticar si otros artistas comparten sus intimidades, ha reiterado: \u00abyo no lo hago\u00bb.<\/p>\n<p>\u00abSIN FACEBOOK NI TWITTER\u00bb<\/p>\n<p>   En cuanto a las redes sociales e internet, Manolo Garc\u00eda admite que no le interesa \u00abni tener Facebook ni Twitter\u00bb y, aunque ve cosas positivas en la red, \u00abla cual ha propiciado la conocida como &#8216;Primavera \u00e1rabe'\u00bb, por ejemplo, tambi\u00e9n es \u00abadocenante, representa el mundo en dos dimensiones y el mundo es mucho m\u00e1s\u00bb.<\/p>\n<p>   \u00abNo voy a negar que quiz\u00e1, aunque no lo s\u00e9 por mi car\u00e1cter, si estuviera empezando ahora mi carrera, lo utilizara para dar a conocer mi trabajo y tal; pero no lo tengo muy claro, ya que creo que al final si alguien es bueno, tiene cosas buenas que ofrecer, eso se acaba sabiendo, es as\u00ed de sencillo\u00bb, ha se\u00f1alado en relaci\u00f3n al uso de las nuevas tecnolog\u00edas.<\/p>\n<p>    Por tanto, en esta misma l\u00ednea, el artista catal\u00e1n ha llamado la atenci\u00f3n sobre \u00ablas tropel\u00edas\u00bb que se pueden hacer gracias al anonimato que permite Internet, aunque \u00absi a alguien le sirve para trabajar, intercambiar informaci\u00f3n o estar mejor no lo critico, pero no me interesa\u00bb. \u00abEs m\u00e1s opio para el pueblo\u00bb, enfatiza.<\/p>\n<p>\u00abAPEGO A LA LENGUA\u00bb<\/p>\n<p>   Por \u00faltimo, en cuanto a las letras tan elaboradas de sus temas, donde cada palabra cobra un sentido, ha valorado \u00absu apego\u00bb por el idioma. \u00abMe apena un poco y no me gusta en absoluto que se vaya mutilando la lengua\u00bb con anglicismos o con el lenguaje abreviado propio de las nuevas tecnolog\u00edas, ha lamentado.<\/p>\n<p>   Amante de la literatura y de cl\u00e1sicos como Lope de Vega, Benito P\u00e9rez Gald\u00f3s o la poes\u00eda de la Generaci\u00f3n del 27, el cantautor ha defendido \u00ablas posibilidades tan bonitas que da la lengua\u00bb.<\/p>\n<p>   Finalmente, cuestionado por qu\u00e9 canci\u00f3n es &#8216;su ni\u00f1a bonita&#8217;, reconoce que \u00abva por temporadas\u00bb. Sin embargo de este \u00faltimo disco ser\u00edan &#8216;Sombra de la sombra de tu sombrero&#8217; o &#8216;Estoy alegre&#8217;. En otro momento &#8216;P\u00e1jaros de barro&#8217; o &#8216;Como quien da un refresco&#8217;. \u00abSon canciones que me han hecho compa\u00f1\u00eda, no por ser historias personales, sino porque han llegado a mucha gente\u00bb, ha concluido.<\/p>\n<p>Fuente: EuropaPress &#8211; <a href='http:\/\/www.europapress.es\/andalucia\/huelva-00354\/noticia-manolo-garcia-llega-viernes-foro-dias-intactos-muchas-ganas-emocionar-20120705124515.html' target=_new>ENLACE<\/a><\/p>\n","protected":false},"excerpt":{"rendered":"<p>\u00abQuiero pensar que lo que me queda por hacer es seguir superando mis canciones; la mejor obra siempre est\u00e1 por llegar\u00bb El cantautor Manolo Garc\u00eda llega este viernes al Foro Iberoamericano de La R\u00e1bida en Palos de la Frontera (Huelva), donde el artista catal\u00e1n presentar\u00e1 su quinto disco llamado &#8216;Los d\u00edas intactos&#8217; a las 22,30<a class=\"moretag\" href=\"https:\/\/www.manologarciaycia.com\/?p=3636\" title=\"MG: Manolo Garc\u00eda llega este viernes al Foro con &#8216;Los d\u00edas intactos&#8217; y \u00abmuchas ganas de emocionar\u00bb\" target=\"_self\" rel=\"follow\"> <font face=arial size=2>[Leer m\u00e1s]<\/font> <\/a><\/p>\n","protected":false},"author":2,"featured_media":0,"comment_status":"closed","ping_status":"closed","sticky":false,"template":"","format":"standard","meta":{"footnotes":""},"categories":[1],"tags":[],"class_list":["post-3636","post","type-post","status-publish","format-standard","hentry","category-manolo-garcia"],"_links":{"self":[{"href":"https:\/\/www.manologarciaycia.com\/index.php?rest_route=\/wp\/v2\/posts\/3636","targetHints":{"allow":["GET"]}}],"collection":[{"href":"https:\/\/www.manologarciaycia.com\/index.php?rest_route=\/wp\/v2\/posts"}],"about":[{"href":"https:\/\/www.manologarciaycia.com\/index.php?rest_route=\/wp\/v2\/types\/post"}],"author":[{"embeddable":true,"href":"https:\/\/www.manologarciaycia.com\/index.php?rest_route=\/wp\/v2\/users\/2"}],"replies":[{"embeddable":true,"href":"https:\/\/www.manologarciaycia.com\/index.php?rest_route=%2Fwp%2Fv2%2Fcomments&post=3636"}],"version-history":[{"count":1,"href":"https:\/\/www.manologarciaycia.com\/index.php?rest_route=\/wp\/v2\/posts\/3636\/revisions"}],"predecessor-version":[{"id":3637,"href":"https:\/\/www.manologarciaycia.com\/index.php?rest_route=\/wp\/v2\/posts\/3636\/revisions\/3637"}],"wp:attachment":[{"href":"https:\/\/www.manologarciaycia.com\/index.php?rest_route=%2Fwp%2Fv2%2Fmedia&parent=3636"}],"wp:term":[{"taxonomy":"category","embeddable":true,"href":"https:\/\/www.manologarciaycia.com\/index.php?rest_route=%2Fwp%2Fv2%2Fcategories&post=3636"},{"taxonomy":"post_tag","embeddable":true,"href":"https:\/\/www.manologarciaycia.com\/index.php?rest_route=%2Fwp%2Fv2%2Ftags&post=3636"}],"curies":[{"name":"wp","href":"https:\/\/api.w.org\/{rel}","templated":true}]}}