{"id":3628,"date":"2012-07-04T19:47:34","date_gmt":"2012-07-04T17:47:34","guid":{"rendered":"http:\/\/www.manologarciaycia.com\/?p=3628"},"modified":"2012-07-04T19:47:34","modified_gmt":"2012-07-04T17:47:34","slug":"mg-manolo-garcia-ofrecera-un-concierto-el-13-de-septiembre-en-salamanca","status":"publish","type":"post","link":"https:\/\/www.manologarciaycia.com\/?p=3628","title":{"rendered":"MG: Manolo Garc\u00eda ofrecer\u00e1 un concierto el 13 de septiembre en Salamanca"},"content":{"rendered":"<p>Es una de las actuaciones incluida en el programa de Ferias y Fiestas que est\u00e1 elaborando el Ayuntamiento. El precio de las entradas para el concierto en el Multiusos ser\u00e1 de 29 euros<\/p>\n<p>Manolo Garc\u00eda actuar\u00e1 en Salamanca el pr\u00f3ximo 13 de septiembre dentro del programa de Ferias y Fiestas que est\u00e1 elaborando el Ayuntamiento. Este concierto, que tendr\u00e1 lugar en el Multiusos S\u00e1nchez Para\u00edso, forma parte de la gira de teatros y auditorios de su nuevo \u00e1lbum Los d\u00edas intactos, que ha permanecido tres semanas consecutivas en el n\u00famero uno de la lista de los m\u00e1s vendidos en Espa\u00f1a y es ya Triple Disco de Platino. Para adecuar el recinto a las caracter\u00edsticas de la gira, la sala ser\u00e1 acondicionada para que todas las localidades sean de asiento.<\/p>\n<p>Las entradas para este concierto tendr\u00e1n un precio de 29 euros y se pondr\u00e1n a la venta pr\u00f3ximamente en la taquilla del Teatro Liceo, en cualquiera de los centros comerciales de El Corte Ingl\u00e9s, en el 902 400 222 o en la web www.elcorteingles.es; as\u00ed como tambi\u00e9n en la red Ticketmaster, incluyendo la red de cajeros de La Caixa.<\/p>\n<p>Fuente: Salamanca 24 horas &#8211; <a href='http:\/\/www.salamanca24horas.com\/local\/70051-manolo-garcia-ofrecera-un-concierto-el-13-de-septiembre' target=_new>ENLACE<\/a><\/p>\n","protected":false},"excerpt":{"rendered":"<p>Es una de las actuaciones incluida en el programa de Ferias y Fiestas que est\u00e1 elaborando el Ayuntamiento. El precio de las entradas para el concierto en el Multiusos ser\u00e1 de 29 euros Manolo Garc\u00eda actuar\u00e1 en Salamanca el pr\u00f3ximo 13 de septiembre dentro del programa de Ferias y Fiestas que est\u00e1 elaborando el Ayuntamiento.<a class=\"moretag\" href=\"https:\/\/www.manologarciaycia.com\/?p=3628\" title=\"MG: Manolo Garc\u00eda ofrecer\u00e1 un concierto el 13 de septiembre en Salamanca\" target=\"_self\" rel=\"follow\"> <font face=arial size=2>[Leer m\u00e1s]<\/font> <\/a><\/p>\n","protected":false},"author":2,"featured_media":0,"comment_status":"closed","ping_status":"closed","sticky":false,"template":"","format":"standard","meta":{"footnotes":""},"categories":[1],"tags":[],"class_list":["post-3628","post","type-post","status-publish","format-standard","hentry","category-manolo-garcia"],"_links":{"self":[{"href":"https:\/\/www.manologarciaycia.com\/index.php?rest_route=\/wp\/v2\/posts\/3628","targetHints":{"allow":["GET"]}}],"collection":[{"href":"https:\/\/www.manologarciaycia.com\/index.php?rest_route=\/wp\/v2\/posts"}],"about":[{"href":"https:\/\/www.manologarciaycia.com\/index.php?rest_route=\/wp\/v2\/types\/post"}],"author":[{"embeddable":true,"href":"https:\/\/www.manologarciaycia.com\/index.php?rest_route=\/wp\/v2\/users\/2"}],"replies":[{"embeddable":true,"href":"https:\/\/www.manologarciaycia.com\/index.php?rest_route=%2Fwp%2Fv2%2Fcomments&post=3628"}],"version-history":[{"count":1,"href":"https:\/\/www.manologarciaycia.com\/index.php?rest_route=\/wp\/v2\/posts\/3628\/revisions"}],"predecessor-version":[{"id":3629,"href":"https:\/\/www.manologarciaycia.com\/index.php?rest_route=\/wp\/v2\/posts\/3628\/revisions\/3629"}],"wp:attachment":[{"href":"https:\/\/www.manologarciaycia.com\/index.php?rest_route=%2Fwp%2Fv2%2Fmedia&parent=3628"}],"wp:term":[{"taxonomy":"category","embeddable":true,"href":"https:\/\/www.manologarciaycia.com\/index.php?rest_route=%2Fwp%2Fv2%2Fcategories&post=3628"},{"taxonomy":"post_tag","embeddable":true,"href":"https:\/\/www.manologarciaycia.com\/index.php?rest_route=%2Fwp%2Fv2%2Ftags&post=3628"}],"curies":[{"name":"wp","href":"https:\/\/api.w.org\/{rel}","templated":true}]}}