{"id":3620,"date":"2012-07-02T19:14:41","date_gmt":"2012-07-02T17:14:41","guid":{"rendered":"http:\/\/www.manologarciaycia.com\/?p=3620"},"modified":"2012-07-02T19:14:41","modified_gmt":"2012-07-02T17:14:41","slug":"mg-el-punto-acrata-lo-tengo-desde-crio-supe-siempre-que-el-sistema-neoliberal-es-malsano","status":"publish","type":"post","link":"https:\/\/www.manologarciaycia.com\/?p=3620","title":{"rendered":"MG: \u00abEl punto \u00e1crata lo tengo desde cr\u00edo, supe siempre que el sistema neoliberal es malsano\u00bb"},"content":{"rendered":"<p><img loading=\"lazy\" decoding=\"async\" alt=\"\" src=\"http:\/\/media.grupojoly.com\/imagen.php?imagen=\/\/0001140500\/0001140985.jpg&#038;an=580&#038;alt=440&#038;checkSize=1\" class=\"alignright\" width=\"335\" height=\"237\" \/> El artista presentar\u00e1 el pr\u00f3ximo 6 de julio en el Foro Iberoamericano &#8216;Los d\u00edas intactos&#8217;, un \u00e1lbum \u00abrom\u00e1ntico\u00bb y \u00abpositivo\u00bb con el que el regresa a las ra\u00edces. El lanzamiento de Los d\u00edas intactos, su \u00faltimo trabajo, tuvo una gran acogida: durante las tres primeras semanas ocup\u00f3 el primer puesto de los m\u00e1s vendidos. Esto supuso para Manolo Garc\u00eda un \u00abalivio\u00bb y el aval de poder hacer una gira posterior sin sobresaltos, aunque el artista catal\u00e1n bien sabe que \u00abhay que tener cuidado y no dejarse llevar por la ansiedad\u00bb. Y es que el de la m\u00fasica es un mundo duro en el que \u00abte puedes llevar un batacazo enorme si te genera la sensaci\u00f3n de que has hecho un esfuerzo durante a\u00f1os de trabajo y luego el disco no gusta\u00bb. <\/p>\n<p>-\u00bfEl hecho de que su trabajo sea vocacional le aporta el equilibrio ante situaciones como esa? <\/p>\n<p>-Desde muy joven ya tuve claro que quer\u00eda ser m\u00fasico de rock, que quer\u00eda hacer canciones y tener un grupo. Encar\u00e9 mi vida en esa necesidad de formar grupos en mi barrio con chavales de mi edad que ya empezaban a tocar alg\u00fan instrumento. La primera vez que me sub\u00ed a un escenario fue a los 13 a\u00f1os. Esa idea sigue ah\u00ed, est\u00e1 latente. <\/p>\n<p>\n-\u00bfNunca ha tenido dudas? <\/p>\n<p>-Yo quiero ser m\u00fasico, me gusta serlo y compartir la m\u00fasica con la gente. La m\u00fasica es una posibilidad de viaje, de sue\u00f1o, de compartir emotividad, emoci\u00f3n, quimeras y cosas absurdas pero que finalmente te dan \u00e1nimo y esperanza. La m\u00fasica -el arte y la cultura en general- le da sentido a nuestras vidas. Esa es la alegr\u00eda que me llevo y que intento compartir en los conciertos. Esa idea la tuve muy jovencito y no me ha abandonado. Nunca he tenido otra pretensi\u00f3n. Me asombra y alegra darme cuenta de que esa pasi\u00f3n no solo no decrece, sino que va en aumento y de que no me abandonar\u00e1 nunca. <\/p>\n<p>-\u00bfCu\u00e1l es la sensaci\u00f3n que tiene al hacer canciones? <\/p>\n<p>-Siento que estoy viviendo una plenitud y que la estoy compartiendo. Es lo contrario de esa sensaci\u00f3n que tenemos todos los seres humanos de inestabilidad, de que la vida no tiene sentido o de qu\u00e9 hago yo aqu\u00ed, por qu\u00e9 ocurre todo esto. <\/p>\n<p>-\u00bfResponde el sonido guitarrero y la frescura de las letras de su \u00faltimo \u00e1lbum al contexto actual?<\/p>\n<p>-No, no es tan medido el tiro. En mi dec\u00e1logo de cosas importantes en rock est\u00e1n la rebeld\u00eda y es el sonido fuerte. Yo, por buscar un sonido propio o una identidad y singularidad, he hecho en algunos discos en solitario mestizaje. Con El \u00faltimo de la fila tuve un sonido m\u00e1s duro y ahora he vuelto a mi ra\u00edz antigua, a lo que hice con Los R\u00e1pidos, con El \u00faltimo: guitarras puras y duras. En este disco no hay mestizaje, hay power pop, rock y pop. Guitarras, que es lo que me ha gustado a mi siempre. Nunca he abandonado ese sonido porque ha estado en las canciones pero en un segundo plano. En este disco, buscando cambios, los he puesto en primer plano. Nada m\u00e1s. Mi punto de rebeld\u00eda, mi punto \u00e1crata lo he tenido desde cr\u00edo. <\/p>\n<p>-\u00bfQu\u00e9 opina del capitalismo? <\/p>\n<p>-Desde cr\u00edo he cre\u00eddo que este neoliberalismo era malsano. Mi idea de ahora es la misma que he tenido desde jovencito. Siempre he pensado que el mundo est\u00e1 regido por la injusticia, por una falta de equidad y por una cantidad de personas soberbias, que dan poca v\u00eda a la esperanza y al respiro. Manejan con mucha mala ostia el miedo y la amenaza. Yo lo he sabido desde cr\u00edo. No ahora, por estar las cosas como est\u00e1n, he hecho un disco m\u00e1s duro o m\u00e1s agrio. Mi disco \u00faltimo yo creo que, adem\u00e1s, es completamente rom\u00e1ntico y positivo. <\/p>\n<p>-\u00bfQu\u00e9 le parece el 15-M? <\/p>\n<p>-Creo que es correct\u00edsimo que la gente salga a la calle y que es necesario hacerlo a\u00fan m\u00e1s. Este tipo de organizaci\u00f3n que empieza en los barrios y ciudades, este tipo de actitud c\u00edvica y pac\u00edfica sin l\u00edderes es magn\u00edfica y toda una lecci\u00f3n para los pol\u00edticos. Yo estoy de acuerdo absolutamente. La cuesti\u00f3n es que el movimiento deber\u00eda tener m\u00e1s fuerza y organizaci\u00f3n, pero bastante es ya que hayan surgido grupos de apoyo a los desahuciados por los bancos. Ese tipo de cosas dice mucho a favor de la ciudadan\u00eda. Todo el mundo hace revoluci\u00f3n de palacio, en los bares y en las conversaciones de sobremesa, pero lo importante es que cuando haya una convocatoria salgamos a la calle. Un ejemplo es el punto minero de las minas de Le\u00f3n, Asturias y Teruel; toda esta gente que ha sumado fuerzas para reivindicar y luchar por una causa com\u00fan. <\/p>\n<p>-Cree, entonces, que el pueblo debe llevar la voz cantante. <\/p>\n<p>-Cuando los ciudadanos escuchan una convocatoria y creen que es razonable, es importante que salgan a la calle. Deber\u00edamos ir todos para alzar la voz. Mira a donde hemos llegado dejando s\u00f3lo a los pol\u00edticos, a todos los Gonz\u00e1lez, Alfonsos Guerras, Zapateros, Aznares, Rajois y banqueros. Mira lo que pasa en el poder judicial, eso es un disparate. El pueblo tiene que hablar, tiene que haber un \u00e1gora p\u00fablica donde alzar la voz y darle que pensar a los pol\u00edticos. <\/p>\n<p>-Volvamos al disco. \u00bfC\u00f3mo fue la creaci\u00f3n de los 14 temas? <\/p>\n<p>-Con calma y sin pretender hacer un \u00e1lbum. Le dije al ingeniero de sonido que \u00edbamos a hacer unas maquetas. Lo hice a posta porque no me gusta la presi\u00f3n ni arrastrar un pasado como un saco de piedra. No me gusta pensar que no puedo fallar. \u00a1Claro que puedo fallar, soy humano! Y la \u00fanica manera que tengo de hacer las cosas bien es con alegr\u00eda, con calma, sin presionarme a mi mismo y sin pretender el \u00e9xito. Porque si lo que m\u00e1s te preocupa cuando haces una canci\u00f3n es la venta de discos, la canci\u00f3n te va a salir con tufillo. <\/p>\n<p>-\u00bfDe verdad lo consigue? <\/p>\n<p>-Mi forma de curarme en salud es olvidarme y me dir\u00e1s que es imposible, pero te prometo que lo consigo y durante dos o tres a\u00f1os logro olvidar mi condici\u00f3n de ser un m\u00fasico con cierta dosis de popularidad y con discos. Me convierto en una persona completamente ajena al mundo de la m\u00fasica, no tengo nada que ver con nadie de la m\u00fasica, no contacto pr\u00e1cticamente con nadie de este \u00e1mbito&#8230; Mis amigos son los de mi infancia, hago otras cosas y as\u00ed es como puedo hacer canciones nuevas que me gusten, me hagan feliz y me diviertan. <\/p>\n<p>-\u00bfLogra que sus giras no se conviertan en una rutina pesada de trabajo? <\/p>\n<p>-Yo hago giras para vivir pero si no le saco el jugo, maldito el dinero que puedo ganar o maldita la forma de ganarme la vida si realmente es un martirio para mi. El disimulo es un arte que a mi me pesa mucho. Lo bonito es ir a una ciudad y, de paso, aprovechar para ver a un amigo que hac\u00eda a\u00f1os no ve\u00eda, ir a un museo o a un restaurante. Esa es mi disciplina: Disfrutar y por la noche dar un concierto. Para mi es una suerte desarrollar un oficio que eleg\u00ed, que me da alegr\u00eda y que me hace compartirla con los dem\u00e1s, que es lo m\u00e1s importante. <\/p>\n<p>-Desde hace a\u00f1os tiene un p\u00fablico muy fiel en Huelva. \u00bfHa establecido nexos con la ciudad? <\/p>\n<p>-Desde que toqu\u00e9 con el \u00daltimo de la fila en la Plaza de Toros not\u00e9 una respuesta muy c\u00e1lida y a partir de ah\u00ed s\u00ed establec\u00ed v\u00ednculos. La calidez se nota: desde los empleados del hotel en el que te alojas a la cercan\u00eda de quien te sirve el desayuno. Hay una persona, cuyo nombre no dir\u00e9 porque no viene al caso, que me sigue desde El \u00faltimo de la fila y que se presenta en ciudades impensables, donde acude con amigos de Huelva. Al plantear este viaje hemos quedado para hacer una jornada gastron\u00f3mica. Hay ciudades en las que esto pasa y otras en las que no. Son ellos los que han conseguido hacerse notar. <\/p>\n<p>-Se fue a Los \u00c1ngeles a grabar el disco pero el estilo sigue siendo el suyo. \u00bfC\u00f3mo lo consigue? <\/p>\n<p>-Creo que es importante tener un sonido propio. Fui a los \u00c1ngeles porque quer\u00eda trabajar con una banda puntualmente para el disco y ellos no pod\u00edan venir. Es curioso, me dec\u00edan que al meter mi voz, mis melod\u00edas y mi manera de hacer hab\u00eda logrado que ellos fueran mercenarios al servicio de un sonido m\u00edo, sin lograr sacar el de ellos. Ese es el misterio, yo tampoco acierto a desentra\u00f1arlo mucho. Yo pongo las ganas, la ilusi\u00f3n.<\/p>\n<p>Fuente: Huelva Informaci\u00f3n &#8211; <a href='http:\/\/www.huelvainformacion.es\/article\/ocio\/1296641\/punto\/acrata\/lo\/tengo\/desde\/crio\/supe\/siempre\/sistema\/neoliberal\/es\/malsano.html' target=_new>ENLACE<\/a><\/p>\n","protected":false},"excerpt":{"rendered":"<p>El artista presentar\u00e1 el pr\u00f3ximo 6 de julio en el Foro Iberoamericano &#8216;Los d\u00edas intactos&#8217;, un \u00e1lbum \u00abrom\u00e1ntico\u00bb y \u00abpositivo\u00bb con el que el regresa a las ra\u00edces. El lanzamiento de Los d\u00edas intactos, su \u00faltimo trabajo, tuvo una gran acogida: durante las tres primeras semanas ocup\u00f3 el primer puesto de los m\u00e1s vendidos. Esto<a class=\"moretag\" href=\"https:\/\/www.manologarciaycia.com\/?p=3620\" title=\"MG: \u00abEl punto \u00e1crata lo tengo desde cr\u00edo, supe siempre que el sistema neoliberal es malsano\u00bb\" target=\"_self\" rel=\"follow\"> <font face=arial size=2>[Leer m\u00e1s]<\/font> <\/a><\/p>\n","protected":false},"author":2,"featured_media":0,"comment_status":"closed","ping_status":"closed","sticky":false,"template":"","format":"standard","meta":{"footnotes":""},"categories":[1],"tags":[],"class_list":["post-3620","post","type-post","status-publish","format-standard","hentry","category-manolo-garcia"],"_links":{"self":[{"href":"https:\/\/www.manologarciaycia.com\/index.php?rest_route=\/wp\/v2\/posts\/3620","targetHints":{"allow":["GET"]}}],"collection":[{"href":"https:\/\/www.manologarciaycia.com\/index.php?rest_route=\/wp\/v2\/posts"}],"about":[{"href":"https:\/\/www.manologarciaycia.com\/index.php?rest_route=\/wp\/v2\/types\/post"}],"author":[{"embeddable":true,"href":"https:\/\/www.manologarciaycia.com\/index.php?rest_route=\/wp\/v2\/users\/2"}],"replies":[{"embeddable":true,"href":"https:\/\/www.manologarciaycia.com\/index.php?rest_route=%2Fwp%2Fv2%2Fcomments&post=3620"}],"version-history":[{"count":1,"href":"https:\/\/www.manologarciaycia.com\/index.php?rest_route=\/wp\/v2\/posts\/3620\/revisions"}],"predecessor-version":[{"id":3621,"href":"https:\/\/www.manologarciaycia.com\/index.php?rest_route=\/wp\/v2\/posts\/3620\/revisions\/3621"}],"wp:attachment":[{"href":"https:\/\/www.manologarciaycia.com\/index.php?rest_route=%2Fwp%2Fv2%2Fmedia&parent=3620"}],"wp:term":[{"taxonomy":"category","embeddable":true,"href":"https:\/\/www.manologarciaycia.com\/index.php?rest_route=%2Fwp%2Fv2%2Fcategories&post=3620"},{"taxonomy":"post_tag","embeddable":true,"href":"https:\/\/www.manologarciaycia.com\/index.php?rest_route=%2Fwp%2Fv2%2Ftags&post=3620"}],"curies":[{"name":"wp","href":"https:\/\/api.w.org\/{rel}","templated":true}]}}