{"id":3618,"date":"2012-07-01T08:10:13","date_gmt":"2012-07-01T06:10:13","guid":{"rendered":"http:\/\/www.manologarciaycia.com\/?p=3618"},"modified":"2012-07-01T08:10:13","modified_gmt":"2012-07-01T06:10:13","slug":"mg-y-la-poesia-de-manolo-garcia-resono-en-el-auditorio-rocio-jurado","status":"publish","type":"post","link":"https:\/\/www.manologarciaycia.com\/?p=3618","title":{"rendered":"MG: Y la poes\u00eda de Manolo Garc\u00eda reson\u00f3 en el Auditorio Roc\u00edo Jurado"},"content":{"rendered":"<p><img loading=\"lazy\" decoding=\"async\" class=\"aligncenter\" src=\"http:\/\/www.abcdesevilla.es\/Media\/201207\/01\/manolo-garcia-concierto-sevilla--644x362.jpg\" alt=\"\" width=\"644\" height=\"362\" \/><\/p>\n<p>El artista catal\u00e1n present\u00f3 este s\u00e1bado en Sevilla su \u00faltimo trabajo, \u00abLos d\u00edas intactos\u00bb, ante 4.000 seguidores. El cantautor Manolo Garc\u00eda lleg\u00f3 este s\u00e1bado al Auditorio Roc\u00edo Jurado de Sevilla, donde el artista catal\u00e1n ha presentado su \u00faltimo disco llamado \u00abLos d\u00edas intactos\u00bb, el quinto de su carrera en solitario, que sali\u00f3 a la venta en octubre del a\u00f1o 2011.<\/p>\n<p>Unas 4.000 personas pudieron deleitarse anoche en Sevilla con las letras de Manolo Garc\u00eda hechas poes\u00eda con un toque de pop-rock. Este concierto ha formado parte de la gira de teatros y auditorios de su nuevo \u00e1lbum, que ha permanecido tres semanas consecutivas en el n\u00famero uno de la lista de los m\u00e1s vendidos en Espa\u00f1a y roza ya el Triple Disco de Platino.<\/p>\n<p>Durante su gira, que tuvo que ser suspendida a principios del pasado mes de mayo tras ser sometido a una operaci\u00f3n de urgencia por apendicitis, el artista est\u00e1 acompa\u00f1ado por siete m\u00fasicos y utiliza un equipo de sonido y luces de la mayor calidad.<\/p>\n<p>Fuente: ABC Sevilla &#8211; <a href='http:\/\/www.abcdesevilla.es\/20120701\/cultura-musica\/sevi-poesia-manolo-garcia-resono-201206302311.html' target=_new>ENLACE<\/a><\/p>\n","protected":false},"excerpt":{"rendered":"<p>El artista catal\u00e1n present\u00f3 este s\u00e1bado en Sevilla su \u00faltimo trabajo, \u00abLos d\u00edas intactos\u00bb, ante 4.000 seguidores. El cantautor Manolo Garc\u00eda lleg\u00f3 este s\u00e1bado al Auditorio Roc\u00edo Jurado de Sevilla, donde el artista catal\u00e1n ha presentado su \u00faltimo disco llamado \u00abLos d\u00edas intactos\u00bb, el quinto de su carrera en solitario, que sali\u00f3 a la venta<a class=\"moretag\" href=\"https:\/\/www.manologarciaycia.com\/?p=3618\" title=\"MG: Y la poes\u00eda de Manolo Garc\u00eda reson\u00f3 en el Auditorio Roc\u00edo Jurado\" target=\"_self\" rel=\"follow\"> <font face=arial size=2>[Leer m\u00e1s]<\/font> <\/a><\/p>\n","protected":false},"author":2,"featured_media":0,"comment_status":"closed","ping_status":"closed","sticky":false,"template":"","format":"standard","meta":{"footnotes":""},"categories":[1],"tags":[],"class_list":["post-3618","post","type-post","status-publish","format-standard","hentry","category-manolo-garcia"],"_links":{"self":[{"href":"https:\/\/www.manologarciaycia.com\/index.php?rest_route=\/wp\/v2\/posts\/3618","targetHints":{"allow":["GET"]}}],"collection":[{"href":"https:\/\/www.manologarciaycia.com\/index.php?rest_route=\/wp\/v2\/posts"}],"about":[{"href":"https:\/\/www.manologarciaycia.com\/index.php?rest_route=\/wp\/v2\/types\/post"}],"author":[{"embeddable":true,"href":"https:\/\/www.manologarciaycia.com\/index.php?rest_route=\/wp\/v2\/users\/2"}],"replies":[{"embeddable":true,"href":"https:\/\/www.manologarciaycia.com\/index.php?rest_route=%2Fwp%2Fv2%2Fcomments&post=3618"}],"version-history":[{"count":1,"href":"https:\/\/www.manologarciaycia.com\/index.php?rest_route=\/wp\/v2\/posts\/3618\/revisions"}],"predecessor-version":[{"id":3619,"href":"https:\/\/www.manologarciaycia.com\/index.php?rest_route=\/wp\/v2\/posts\/3618\/revisions\/3619"}],"wp:attachment":[{"href":"https:\/\/www.manologarciaycia.com\/index.php?rest_route=%2Fwp%2Fv2%2Fmedia&parent=3618"}],"wp:term":[{"taxonomy":"category","embeddable":true,"href":"https:\/\/www.manologarciaycia.com\/index.php?rest_route=%2Fwp%2Fv2%2Fcategories&post=3618"},{"taxonomy":"post_tag","embeddable":true,"href":"https:\/\/www.manologarciaycia.com\/index.php?rest_route=%2Fwp%2Fv2%2Ftags&post=3618"}],"curies":[{"name":"wp","href":"https:\/\/api.w.org\/{rel}","templated":true}]}}