{"id":3616,"date":"2012-06-30T08:31:28","date_gmt":"2012-06-30T06:31:28","guid":{"rendered":"http:\/\/www.manologarciaycia.com\/?p=3616"},"modified":"2012-06-30T08:31:28","modified_gmt":"2012-06-30T06:31:28","slug":"mg-el-intacto-manolo-garcia","status":"publish","type":"post","link":"https:\/\/www.manologarciaycia.com\/?p=3616","title":{"rendered":"MG: El \u2018intacto\u2019 Manolo Garc\u00eda"},"content":{"rendered":"<p><img loading=\"lazy\" decoding=\"async\" alt=\"\" src=\"http:\/\/ep01.epimg.net\/ccaa\/imagenes\/2012\/06\/29\/andalucia\/1340992700_358342_1340993395_noticia_normal.jpg\" class=\"alignright\" width=\"300\" height=\"413\" \/> El cantante hace tres paradas en Andaluc\u00eda con su nuevo disco. El cantante catal\u00e1n hace a\u00f1os que dej\u00f3 la formaci\u00f3n que le lanz\u00f3 al estrellato: El \u00daltimo de la Fila y, desde entonces, su carrera ha sido imparable. El m\u00fasico tuvo que suspender en mayo la gira de su quinto disco, que le ha llevado por escenarios de toda Espa\u00f1a, a causa de una operaci\u00f3n de apendicitis. Tras su recuperaci\u00f3n, Manolo Garc\u00eda llega el s\u00e1bado al Auditorio Roc\u00edo Jurado en Sevilla con su \u00faltimo trabajo Los d\u00edas intactos. Esta gira del cantante y compositor es distinta a las anteriores, m\u00e1s \u00edntima. El artista evoluciona cada vez m\u00e1s a lo personal y a un contacto m\u00e1s directo con el p\u00fablico, uno que nunca le defrauda, ni el cantante a ellos. Por eso, el escenario de Sevilla ha sido acondicionado con un aforo m\u00e1s reducido y as\u00ed cumplir con las caracter\u00edsticas de su gira enfocada a teatros y auditorios.<\/p>\n<p>Los d\u00edas intactos lleva en la calle desde octubre del pasado a\u00f1o y ha conseguido permanecer tres semanas consecutivas en el n\u00famero uno de las listas de los discos m\u00e1s vendidos en Espa\u00f1a. Manolo Garc\u00eda est\u00e1 a punto de rozar el triple disco de platino con su quinto trabajo grabado entre Girona y Los \u00c1ngeles. En los primeros conciertos del artista en 2012 destacan los seis d\u00edas de abril que estuvo tocando en el Palacio Municipal de Congresos del Campo de las Naciones de Madrid y otros seis en mayo en Barcelona, hasta que tuvo que hacer un par\u00f3n por su problema de salud. Solo un mes ha permanecido alejado de los escenarios y, ahora, con m\u00e1s fuerza y m\u00e1s roquero que nunca sus famosos P\u00e1jaros de barro se posar\u00e1n sobre el Auditorio Roc\u00edo Jurado esta noche. En Huelva, Manolo Garc\u00eda actuar\u00e1 una semana despu\u00e9s, el 6 de julio, y dos d\u00edas m\u00e1s tarde C\u00e1diz ofrecer\u00e1 su \u00faltimo concierto en Andaluc\u00eda.<\/p>\n<p>Fuente: El Pa\u00eds &#8211; <a href='http:\/\/ccaa.elpais.com\/ccaa\/2012\/06\/29\/andalucia\/1340992700_358342.html' target=_new>ENLACE<\/a><\/p>\n","protected":false},"excerpt":{"rendered":"<p>El cantante hace tres paradas en Andaluc\u00eda con su nuevo disco. El cantante catal\u00e1n hace a\u00f1os que dej\u00f3 la formaci\u00f3n que le lanz\u00f3 al estrellato: El \u00daltimo de la Fila y, desde entonces, su carrera ha sido imparable. El m\u00fasico tuvo que suspender en mayo la gira de su quinto disco, que le ha llevado<a class=\"moretag\" href=\"https:\/\/www.manologarciaycia.com\/?p=3616\" title=\"MG: El \u2018intacto\u2019 Manolo Garc\u00eda\" target=\"_self\" rel=\"follow\"> <font face=arial size=2>[Leer m\u00e1s]<\/font> <\/a><\/p>\n","protected":false},"author":2,"featured_media":0,"comment_status":"closed","ping_status":"closed","sticky":false,"template":"","format":"standard","meta":{"footnotes":""},"categories":[1],"tags":[],"class_list":["post-3616","post","type-post","status-publish","format-standard","hentry","category-manolo-garcia"],"_links":{"self":[{"href":"https:\/\/www.manologarciaycia.com\/index.php?rest_route=\/wp\/v2\/posts\/3616","targetHints":{"allow":["GET"]}}],"collection":[{"href":"https:\/\/www.manologarciaycia.com\/index.php?rest_route=\/wp\/v2\/posts"}],"about":[{"href":"https:\/\/www.manologarciaycia.com\/index.php?rest_route=\/wp\/v2\/types\/post"}],"author":[{"embeddable":true,"href":"https:\/\/www.manologarciaycia.com\/index.php?rest_route=\/wp\/v2\/users\/2"}],"replies":[{"embeddable":true,"href":"https:\/\/www.manologarciaycia.com\/index.php?rest_route=%2Fwp%2Fv2%2Fcomments&post=3616"}],"version-history":[{"count":1,"href":"https:\/\/www.manologarciaycia.com\/index.php?rest_route=\/wp\/v2\/posts\/3616\/revisions"}],"predecessor-version":[{"id":3617,"href":"https:\/\/www.manologarciaycia.com\/index.php?rest_route=\/wp\/v2\/posts\/3616\/revisions\/3617"}],"wp:attachment":[{"href":"https:\/\/www.manologarciaycia.com\/index.php?rest_route=%2Fwp%2Fv2%2Fmedia&parent=3616"}],"wp:term":[{"taxonomy":"category","embeddable":true,"href":"https:\/\/www.manologarciaycia.com\/index.php?rest_route=%2Fwp%2Fv2%2Fcategories&post=3616"},{"taxonomy":"post_tag","embeddable":true,"href":"https:\/\/www.manologarciaycia.com\/index.php?rest_route=%2Fwp%2Fv2%2Ftags&post=3616"}],"curies":[{"name":"wp","href":"https:\/\/api.w.org\/{rel}","templated":true}]}}