{"id":3614,"date":"2012-06-30T08:30:07","date_gmt":"2012-06-30T06:30:07","guid":{"rendered":"http:\/\/www.manologarciaycia.com\/?p=3614"},"modified":"2012-06-30T08:30:07","modified_gmt":"2012-06-30T06:30:07","slug":"mg-presenta-%c2%b4los-dias-intactos%c2%b4-este-sabado-en-el-auditorio-rocio-jurado","status":"publish","type":"post","link":"https:\/\/www.manologarciaycia.com\/?p=3614","title":{"rendered":"MG: presenta \u00b4Los d\u00edas intactos\u00b4 este s\u00e1bado en el Auditorio Roc\u00edo Jurado"},"content":{"rendered":"<p><img loading=\"lazy\" decoding=\"async\" alt=\"\" src=\"http:\/\/www.giraldainformacion.com\/img\/imagenes\/0_n_1340983607.jpg\" class=\"alignleft\" width=\"218\" height=\"218\" \/> Se espera que \u00abunas 4.000 personas sentadas asistan a este concierto, para el que se ha habilitado solo grada central\u00bb. El cantautor Manolo Garc\u00eda llega este s\u00e1bado al Auditorio Roc\u00edo Jurado de Sevilla, donde el artista catal\u00e1n presentar\u00e1 su \u00faltimo disco llamado \u00b4Los d\u00edas intactos\u00b4, el quinto de su carrera en solitario, que sali\u00f3 a la venta en octubre del a\u00f1o 2011. <\/p>\n<p>Se espera que \u00abunas 4.000 personas sentadas asistan a este concierto, para el que se ha habilitado solo grada central\u00bb, explican a Europa Press fuentes del recinto de la Cartuja, que cuenta con un aforo para unas 8.000 personas. Este concierto forma parte de la gira de teatros y auditorios de su nuevo \u00e1lbum \u00b4Los d\u00edas intactos\u00b4, que ha permanecido tres semanas consecutivas en el n\u00famero uno de la lista de los m\u00e1s vendidos en Espa\u00f1a y roza ya el Triple Disco de Platino. <\/p>\n<p>Durante su gira, que tuvo que ser suspendida a principios del pasado mes de mayo tras ser sometido a una operaci\u00f3n de urgencia por apendicitis, el artista est\u00e1 acompa\u00f1ado por siete m\u00fasicos y utiliza un equipo de sonido y luces de la mayor calidad.<\/p>\n<p>Fuente: Giralda Informaci\u00f3n &#8211; <a href='http:\/\/www.giraldainformacion.com\/inicio.php?codigo=36032&#038;-Manolo-Garc%EDa-presenta-intactos%B4-s%E1bado-Auditorio-Jurado' targeT=_new>ENLACE<\/a><\/p>\n","protected":false},"excerpt":{"rendered":"<p>Se espera que \u00abunas 4.000 personas sentadas asistan a este concierto, para el que se ha habilitado solo grada central\u00bb. El cantautor Manolo Garc\u00eda llega este s\u00e1bado al Auditorio Roc\u00edo Jurado de Sevilla, donde el artista catal\u00e1n presentar\u00e1 su \u00faltimo disco llamado \u00b4Los d\u00edas intactos\u00b4, el quinto de su carrera en solitario, que sali\u00f3 a<a class=\"moretag\" href=\"https:\/\/www.manologarciaycia.com\/?p=3614\" title=\"MG: presenta \u00b4Los d\u00edas intactos\u00b4 este s\u00e1bado en el Auditorio Roc\u00edo Jurado\" target=\"_self\" rel=\"follow\"> <font face=arial size=2>[Leer m\u00e1s]<\/font> <\/a><\/p>\n","protected":false},"author":2,"featured_media":0,"comment_status":"closed","ping_status":"closed","sticky":false,"template":"","format":"standard","meta":{"footnotes":""},"categories":[1],"tags":[],"class_list":["post-3614","post","type-post","status-publish","format-standard","hentry","category-manolo-garcia"],"_links":{"self":[{"href":"https:\/\/www.manologarciaycia.com\/index.php?rest_route=\/wp\/v2\/posts\/3614","targetHints":{"allow":["GET"]}}],"collection":[{"href":"https:\/\/www.manologarciaycia.com\/index.php?rest_route=\/wp\/v2\/posts"}],"about":[{"href":"https:\/\/www.manologarciaycia.com\/index.php?rest_route=\/wp\/v2\/types\/post"}],"author":[{"embeddable":true,"href":"https:\/\/www.manologarciaycia.com\/index.php?rest_route=\/wp\/v2\/users\/2"}],"replies":[{"embeddable":true,"href":"https:\/\/www.manologarciaycia.com\/index.php?rest_route=%2Fwp%2Fv2%2Fcomments&post=3614"}],"version-history":[{"count":1,"href":"https:\/\/www.manologarciaycia.com\/index.php?rest_route=\/wp\/v2\/posts\/3614\/revisions"}],"predecessor-version":[{"id":3615,"href":"https:\/\/www.manologarciaycia.com\/index.php?rest_route=\/wp\/v2\/posts\/3614\/revisions\/3615"}],"wp:attachment":[{"href":"https:\/\/www.manologarciaycia.com\/index.php?rest_route=%2Fwp%2Fv2%2Fmedia&parent=3614"}],"wp:term":[{"taxonomy":"category","embeddable":true,"href":"https:\/\/www.manologarciaycia.com\/index.php?rest_route=%2Fwp%2Fv2%2Fcategories&post=3614"},{"taxonomy":"post_tag","embeddable":true,"href":"https:\/\/www.manologarciaycia.com\/index.php?rest_route=%2Fwp%2Fv2%2Ftags&post=3614"}],"curies":[{"name":"wp","href":"https:\/\/api.w.org\/{rel}","templated":true}]}}