{"id":3612,"date":"2012-06-29T13:47:41","date_gmt":"2012-06-29T11:47:41","guid":{"rendered":"http:\/\/www.manologarciaycia.com\/?p=3612"},"modified":"2012-06-29T13:47:41","modified_gmt":"2012-06-29T11:47:41","slug":"mg-ilusion-intacta-por-emocionar","status":"publish","type":"post","link":"https:\/\/www.manologarciaycia.com\/?p=3612","title":{"rendered":"MG: Ilusi\u00f3n intacta por emocionar"},"content":{"rendered":"<p><img loading=\"lazy\" decoding=\"async\" alt=\"\" src=\"http:\/\/www.diariojaen.es\/images\/stories\/diariojaen\/cultura\/120629rev2.jpg\" class=\"alignright\" width=\"290\" height=\"192\" \/> El escenario es el verdadero h\u00e1bitat de un m\u00fasico de raza, donde se desnuda ante su p\u00fablico. Y un d\u00eda de concierto, es un d\u00eda completo, perfecto, para Manolo Garc\u00eda. Anoche volvi\u00f3 tres a\u00f1os despu\u00e9s a Ja\u00e9n, a La Alameda, y disfrut\u00f3 e hizo disfrutar al numeroso p\u00fablico que le fue fiel en esta nueva cita.<br \/>\nVen\u00eda a presentar Los d\u00edas intactos, su \u00faltimo disco, grabado en Los \u00c1ngeles con la colaboraci\u00f3n de m\u00fasicos como el guitarrista Waddy Watchel, los bajistas Leland Sklar y Bob Glaub y el bater\u00eda Kenny Aronoff, pero dio mucho m\u00e1s.<\/p>\n<p>Poco despu\u00e9s de las diez de la noche, cuando ya se empezaba a enfriar Ja\u00e9n despu\u00e9s de una larga y bochornosa jornada, sali\u00f3 al escenario. Y empez\u00f3 el espect\u00e1culo. Y volvi\u00f3 a subir la temperatura pero, esta vez, por el calor de un p\u00fablico, del que Manolo Garc\u00eda, siempre dice que le hace sentir muy bien. De hecho, solo salir al escenario, La Alameda, llena como no se hab\u00eda visto desde hac\u00eda mucho tiempo, se levant\u00f3 y se puso a sus pies. \u00c9l, por su parte, dio la bienvenida con Navaja de Papel, acompa\u00f1ado solo por un piano. Despu\u00e9s, dio las buenas noches: \u201cEstoy muy contento de que est\u00e9is aqu\u00ed en esta noche de verano, calurosa\u201d. Y, en un gesto de generosidad, ofreci\u00f3 agua para todo aquel que quisiera se acercara al escenario. Volvi\u00f3 a lo suyo que es contar historias como nadie y, acompa\u00f1ado ya por las guitarras y las cajas flamencas, cant\u00f3 La sombra de una palmera, en la que derroch\u00f3 voz y arte con las palmas.<\/p>\n<p>Fuente: Diario de Jaen &#8211; <a href='http:\/\/www.diariojaen.es\/index.php\/menucultura\/71-notculturales\/53930-manolo-garcia-ilusion-intacta-por-emocionar-' target=_new>ENLACE<\/a><\/p>\n","protected":false},"excerpt":{"rendered":"<p>El escenario es el verdadero h\u00e1bitat de un m\u00fasico de raza, donde se desnuda ante su p\u00fablico. Y un d\u00eda de concierto, es un d\u00eda completo, perfecto, para Manolo Garc\u00eda. Anoche volvi\u00f3 tres a\u00f1os despu\u00e9s a Ja\u00e9n, a La Alameda, y disfrut\u00f3 e hizo disfrutar al numeroso p\u00fablico que le fue fiel en esta nueva<a class=\"moretag\" href=\"https:\/\/www.manologarciaycia.com\/?p=3612\" title=\"MG: Ilusi\u00f3n intacta por emocionar\" target=\"_self\" rel=\"follow\"> <font face=arial size=2>[Leer m\u00e1s]<\/font> <\/a><\/p>\n","protected":false},"author":2,"featured_media":0,"comment_status":"closed","ping_status":"closed","sticky":false,"template":"","format":"standard","meta":{"footnotes":""},"categories":[1],"tags":[],"class_list":["post-3612","post","type-post","status-publish","format-standard","hentry","category-manolo-garcia"],"_links":{"self":[{"href":"https:\/\/www.manologarciaycia.com\/index.php?rest_route=\/wp\/v2\/posts\/3612","targetHints":{"allow":["GET"]}}],"collection":[{"href":"https:\/\/www.manologarciaycia.com\/index.php?rest_route=\/wp\/v2\/posts"}],"about":[{"href":"https:\/\/www.manologarciaycia.com\/index.php?rest_route=\/wp\/v2\/types\/post"}],"author":[{"embeddable":true,"href":"https:\/\/www.manologarciaycia.com\/index.php?rest_route=\/wp\/v2\/users\/2"}],"replies":[{"embeddable":true,"href":"https:\/\/www.manologarciaycia.com\/index.php?rest_route=%2Fwp%2Fv2%2Fcomments&post=3612"}],"version-history":[{"count":1,"href":"https:\/\/www.manologarciaycia.com\/index.php?rest_route=\/wp\/v2\/posts\/3612\/revisions"}],"predecessor-version":[{"id":3613,"href":"https:\/\/www.manologarciaycia.com\/index.php?rest_route=\/wp\/v2\/posts\/3612\/revisions\/3613"}],"wp:attachment":[{"href":"https:\/\/www.manologarciaycia.com\/index.php?rest_route=%2Fwp%2Fv2%2Fmedia&parent=3612"}],"wp:term":[{"taxonomy":"category","embeddable":true,"href":"https:\/\/www.manologarciaycia.com\/index.php?rest_route=%2Fwp%2Fv2%2Fcategories&post=3612"},{"taxonomy":"post_tag","embeddable":true,"href":"https:\/\/www.manologarciaycia.com\/index.php?rest_route=%2Fwp%2Fv2%2Ftags&post=3612"}],"curies":[{"name":"wp","href":"https:\/\/api.w.org\/{rel}","templated":true}]}}