{"id":3607,"date":"2012-06-29T09:08:42","date_gmt":"2012-06-29T07:08:42","guid":{"rendered":"http:\/\/www.manologarciaycia.com\/?p=3607"},"modified":"2012-06-29T09:10:17","modified_gmt":"2012-06-29T07:10:17","slug":"mg-manolo-garcia-hace-sonar-a-la-alameda","status":"publish","type":"post","link":"https:\/\/www.manologarciaycia.com\/?p=3607","title":{"rendered":"MG: Manolo Garc\u00eda hace so\u00f1ar a la Alameda"},"content":{"rendered":"<p style=\"text-align: center;\"><img loading=\"lazy\" decoding=\"async\" class=\"aligncenter\" style=\"border: 2px solid black;\" src=\"http:\/\/zoom.ideal.es\/galerias\/jaen\/local-jaen\/28-06-2012-manolo-garcia\/concierto%20manolo%20garcia_FJC%20(15).JPG\" alt=\"\" width=\"640\" height=\"426\" \/><\/center><\/p>\n<p> El veterano artista consigui\u00f3 llenar por completo el auditorio de la capital. Manolo Garc\u00eda demostr\u00f3 que \u2018toreaba\u2019 en plaza af\u00edn. Y es que el veterano m\u00fasico no defraud\u00f3 y volvi\u00f3 a registrar una importante taquilla en la capital. M\u00e1s que importante, la mejor, puesto que llen\u00f3 el Auditorio de La Alameda hasta la bandera. Desde los primeros compases del concierto Garc\u00eda se meti\u00f3 en su redil a un entregado p\u00fablico. Interpret\u00f3 temas de su hoy, pero tambi\u00e9n de su ayer, \u00abporque las canciones antiguas no son nostalgia, pueden ser sue\u00f1os\u00bb.<\/p>\n<p>Los que se congregaron ayer en el Auditorio de \u2018La Alameda\u2019 eran especialmente grandes seguidores de Manolo Garc\u00eda, tanto en su carrera en solitario, como en las distintas formaciones en las que ha participado a lo largo de su dilatada carrera. Y eso se notaba en el ambiente. Manolo Garc\u00eda cuenta con seguidores en esta ciudad, algo que ha quedado m\u00e1s que manifiesto en sus anteriores visitas a la capital. Adem\u00e1s, como se\u00f1alaba hace unos d\u00edas en una entrevista a IDEAL, en Ja\u00e9n se siente como en su casa, quiz\u00e1s por esa cercan\u00eda a Albacete, tierra de la que procede su familia. \u00abVenir a Ja\u00e9n es como ir de vacaciones\u00bb, dec\u00eda en la entrevista, y ayer disfrut\u00f3 como tal el veterano m\u00fasico durante su actuaci\u00f3n.<\/p>\n<p> noticia\/cr\u00f3nica completa.<br \/>\nC\u00f3mo se ha indicado, Ja\u00e9n ha sido parada obligada en las giras de este m\u00fasico a lo largo de su carrera, pero la visita con su \u00faltimo disco \u2018Los d\u00edas intactos\u2019 se ha hecho esperar. Y es que muchos de los que ayer acudieron a \u2018La Alameda\u2019 hab\u00edan comprado su entrada para el concierto del d\u00eda 2 de junio, que tuvo que suspenderse por problemas de salud del artista. Y por eso ayer hab\u00eda a\u00fan m\u00e1s ganas de disfrutar con ese m\u00fasico con d\u00e9cadas de letras a sus espaldas, y de contemplar sus particulares movimientos. Porque Manolo Garc\u00eda es mucho Manolo Garc\u00eda.<\/p>\n<p>Dec\u00eda hace unos d\u00edas Garc\u00eda que este es el disco m\u00e1s rockero de los cinco que lleva en solitario. \u00abConectar\u00eda con el primero, vuelvo u poco a los or\u00edgenes. Es un disco que busca la esperanza, busca la luz, donde me atrevo a decir que estoy alegre&#8230; y con la que est\u00e1 cayendo, puede ser una declaraci\u00f3n de principios. Es una actitud, quiero estar alegre, salir del agujero, que salgamos todos. Con lo que que est\u00e1 pasando, las noticias del d\u00eda a d\u00eda&#8230; en vez de hacer un disco negro he querido hacer un disco alegre&#8230;\u00bb.<br \/>\nCon una carrera tan larga e intensa como la de Manolo Garc\u00eda, los conciertos son todo un deleite para sus seguidores. Por eso el p\u00fablico vibr\u00f3 con las decenas de buenos temas que desgran\u00f3 sobre el escenario el artista, no s\u00f3lo de su \u00faltimo disco, sino de los anteriores, y alg\u00fan que otro gui\u00f1o a los discos de las formaciones con las que ha recorrido la carretera durante a\u00f1os y que le dieron la fama que ha consolidado en solitario.<\/p>\n<p>Como resultado una velada de verano intensa, donde a pesar del calor, el p\u00fablico af\u00edn a Manolo Garc\u00eda no dud\u00f3 en bailar, saltar y corear los temas de este nombre grande de la m\u00fasica espa\u00f1ola. Una nueva ocasi\u00f3n para disfrutar de su particular arte, y fueron muchos los que se quedaron con el deseo de que la de ayer no sea su \u00faltima visita.<\/p>\n<p>Fuente: Ideal Jaen &#8211; <a href='http:\/\/zoom.ideal.es\/galeria\/28-06-2012-manolo-garcia.html' target=_new>Galer\u00eda de Im\u00e1genes<\/a><\/p>\n","protected":false},"excerpt":{"rendered":"<p>El veterano artista consigui\u00f3 llenar por completo el auditorio de la capital. Manolo Garc\u00eda demostr\u00f3 que \u2018toreaba\u2019 en plaza af\u00edn. Y es que el veterano m\u00fasico no defraud\u00f3 y volvi\u00f3 a registrar una importante taquilla en la capital. M\u00e1s que importante, la mejor, puesto que llen\u00f3 el Auditorio de La Alameda hasta la bandera. Desde<a class=\"moretag\" href=\"https:\/\/www.manologarciaycia.com\/?p=3607\" title=\"MG: Manolo Garc\u00eda hace so\u00f1ar a la Alameda\" target=\"_self\" rel=\"follow\"> <font face=arial size=2>[Leer m\u00e1s]<\/font> <\/a><\/p>\n","protected":false},"author":2,"featured_media":0,"comment_status":"closed","ping_status":"closed","sticky":false,"template":"","format":"standard","meta":{"footnotes":""},"categories":[1],"tags":[],"class_list":["post-3607","post","type-post","status-publish","format-standard","hentry","category-manolo-garcia"],"_links":{"self":[{"href":"https:\/\/www.manologarciaycia.com\/index.php?rest_route=\/wp\/v2\/posts\/3607","targetHints":{"allow":["GET"]}}],"collection":[{"href":"https:\/\/www.manologarciaycia.com\/index.php?rest_route=\/wp\/v2\/posts"}],"about":[{"href":"https:\/\/www.manologarciaycia.com\/index.php?rest_route=\/wp\/v2\/types\/post"}],"author":[{"embeddable":true,"href":"https:\/\/www.manologarciaycia.com\/index.php?rest_route=\/wp\/v2\/users\/2"}],"replies":[{"embeddable":true,"href":"https:\/\/www.manologarciaycia.com\/index.php?rest_route=%2Fwp%2Fv2%2Fcomments&post=3607"}],"version-history":[{"count":4,"href":"https:\/\/www.manologarciaycia.com\/index.php?rest_route=\/wp\/v2\/posts\/3607\/revisions"}],"predecessor-version":[{"id":3611,"href":"https:\/\/www.manologarciaycia.com\/index.php?rest_route=\/wp\/v2\/posts\/3607\/revisions\/3611"}],"wp:attachment":[{"href":"https:\/\/www.manologarciaycia.com\/index.php?rest_route=%2Fwp%2Fv2%2Fmedia&parent=3607"}],"wp:term":[{"taxonomy":"category","embeddable":true,"href":"https:\/\/www.manologarciaycia.com\/index.php?rest_route=%2Fwp%2Fv2%2Fcategories&post=3607"},{"taxonomy":"post_tag","embeddable":true,"href":"https:\/\/www.manologarciaycia.com\/index.php?rest_route=%2Fwp%2Fv2%2Ftags&post=3607"}],"curies":[{"name":"wp","href":"https:\/\/api.w.org\/{rel}","templated":true}]}}