{"id":3605,"date":"2012-06-29T08:57:26","date_gmt":"2012-06-29T06:57:26","guid":{"rendered":"http:\/\/www.manologarciaycia.com\/?p=3605"},"modified":"2012-06-29T08:57:26","modified_gmt":"2012-06-29T06:57:26","slug":"mg-cronica-teatro-de-la-axerquia-cordoba-22-06-12","status":"publish","type":"post","link":"https:\/\/www.manologarciaycia.com\/?p=3605","title":{"rendered":"MG: Cr\u00f3nica Teatro de la Axerqu\u00eda. C\u00f3rdoba, 22-06-12"},"content":{"rendered":"<p><img loading=\"lazy\" decoding=\"async\" class=\"alignleft\" src=\"http:\/\/1.bp.blogspot.com\/-1E7XJQipMX0\/T-zS2yyiK0I\/AAAAAAAAAu4\/VJJTwXqfVjc\/s1600\/DSC_0132..jpg\" alt=\"\" width=\"268\" height=\"403\" \/> \u00bfEl d\u00e9cimo, el und\u00e9cimo tal vez? Vale, dej\u00e9moslo en el en\u00e9simo\u2026 y los que nos queden. S\u00ed, cuando uno es fiel a un artista, a una trayectoria y a unas canciones que le han acompa\u00f1ado durante casi la mitad de su vida, ya ni cuenta los conciertos que ha tenido la oportunidad (y el gustazo) de disfrutar desde que, hace casi treinta a\u00f1os (se admiten comentarios respecto a la edad de este cronista, siempre que sean ben\u00e9volos), una de las carreras musicales m\u00e1s ricas, completas y coherentes del pop-rock de este bendito pa\u00eds echaba a andar. Entonces, cuando la d\u00e9cada de los ochenta en Espa\u00f1a, como casi todo, era diferente a la del resto del mundo, dos m\u00fasicos llamados Quimi Portet y Manuel Garc\u00eda, tan humildes como valiosos, un\u00edan fuerzas y proyectos para dar luz a El \u00daltimo de la Fila, y a partir de ah\u00ed todo fue creciendo hasta hacerse grande, enorme podr\u00edamos decir. Precisamente porque la bola del \u00e9xito y el agotamiento de una f\u00f3rmula con un final anticipado propiciaban el cambio de aires y, en el caso del primero, de planteamientos art\u00edsticos. Los objetivos iniciales eran otros, y no iban m\u00e1s all\u00e1 del placer de parir canciones, grabarlas y presentarlas ante una audiencia m\u00e1s o menos entregada, pero el barco necesitaba cada vez m\u00e1s camarotes, una tripulaci\u00f3n dedicada full-time a sus timoneles y un perjuicio de la calidad art\u00edstica por la que no estaban dispuestos a pasar. Sin embargo, esas canciones, muchas de ellas redondas e imprescindibles en el imaginario pop de siempre, a\u00fan perduran en nuestra memoria, imborrables y evocadoras, y es totalmente leg\u00edtimo que quien las coescribi\u00f3 en su d\u00eda se apropie ahora de una nueva piel que las envuelve sin restarles ni un \u00e1pice de emoci\u00f3n.<\/p>\n<p>Que a Manolo Garc\u00eda siempre se le puede pedir m\u00e1s cuando se mete en el estudio es algo que la mayor\u00eda de sus seguidores deber\u00edan entender, por mucho que les ciegue su desmesurado poder de convocatoria o la carga po\u00e9tica (ripiosa, para sus detractores) de la mayor\u00eda de sus letras. Por algo es un m\u00fasico de los pies a la cabeza, de los de vocaci\u00f3n y dedicaci\u00f3n plena, que est\u00e1 en esto por puro amor al arte y que adem\u00e1s tuvo la suerte del reconocimiento p\u00fablico y econ\u00f3mico; pero tambi\u00e9n es igualmente cierto que siempre ha hecho lo que sabe hacer, y muy bien por otra parte, con un nivel m\u00e1ximo de autoexigencia y siempre consciente de que a estas alturas tampoco se va a dedicar a grabar arias de \u00f3pera ni nada por el estilo. El riesgo queda para otros a los que no les asusta salir mal parados, aunque dudo que un artista de sus caracter\u00edsticas quedara en mal lugar si intentara sacar los pies del tiesto alguna vez. <\/p>\n<p>A eso se dedica en cuerpo y alma, reci\u00e9n salido de una operaci\u00f3n nada complicada pero que requiri\u00f3 el necesario periodo de recuperaci\u00f3n, y a eso fueron convocadas las casi cuatro mil almas que, como aquella noche de hace muchos a\u00f1os que recordaba desde el escenario, abarrotaron el recinto donde este catal\u00e1n de nacimiento y manchego de adopci\u00f3n (su querencia por el sur de Espa\u00f1a y su pasi\u00f3n por Andaluc\u00eda en general y C\u00f3rdoba en particular es algo que, sin una raz\u00f3n expl\u00edcita, tambi\u00e9n lleva incluido en los genes) repas\u00f3 las canciones de su m\u00e1s reciente entrega, \u2018Los d\u00edas intactos\u2019, m\u00e1s inundada de electricidad que de costumbre y grabada en Los Angeles, con genios como Waddy Wachtel (lugarteniente de Bob Dylan durante una larga etapa de su carrera), Leland Sklar o Kenny Aronoff en los m\u00edticos estudios Ocean Way, al calor de la misma mesa de mezclas que alumbr\u00f3 discos de Michael Jackson, Green Day, Radiohead, Eric Clapton o los mism\u00edsimos Rolling Stones. Otra cosa no, pero clase no le falta al individuo. \u2018Un a\u00f1o y otro a\u00f1o\u2019, \u2018Todos amamos desesperadamente\u2019 (una de las mejores canciones que ha grabado jam\u00e1s), \u2018Estoy alegre\u2019, \u2018Lo quiero todo\u2019, \u2018Sombra de la sombra de tu sombrero\u2019, \u2018Estamos ah\u00ed\u2019, \u2018Compasi\u00f3n y silencio\u2019 (primera aparici\u00f3n de la bailarina, m\u00e1s bien contorsionista, Marta Fern\u00e1ndez) y sobre todo \u2018Un alma de papel\u2019 y el tema que eligi\u00f3 para presentar el \u00e1lbum, \u2018Un giro teatral\u2019, (re)conquistaron a un p\u00fablico que en ning\u00fan momento ech\u00f3 de menos la parte m\u00e1s \u201ctradicional\u201d de su repertorio, la que juguetea con los palos flamencos con el respeto y la distancia de un aficionado ejemplar e incluye cuerdas e instrumentos ex\u00f3ticos que adornan unas historias de amor, sue\u00f1os e incluso utop\u00edas personales que en su voz se transforman en universales. <\/p>\n<p>Al margen de triunfos y ba\u00f1os de multitudes, que los hay en cada uno de sus conciertos, y de forma literal (desde el escenario a lo m\u00e1s alto del teatro, suele recorrerse el grader\u00edo, la platea, las barras laterales y lo que encuentre a su paso con tal de sentirse cercano a su gente, como ya contamos en nuestra anterior cr\u00f3nica), tambi\u00e9n ofrece rock and roll de primera mano en \u2018Somos levedad\u2019 (impresionante solo de guitarra a cargo del director de la banda, el gran Ricardo Mar\u00edn) y \u2018A San Fernando, un ratito a pie y otro caminando\u2019, para cerrar la primera parte del show y pon\u00e9rselo dif\u00edcil a s\u00ed mismo para superarse en la siguiente, algo que consigue al situarse \u2018Sobre el oscuro abismo en que te meces\u2019 y dejar al respetable de nuevo con ganas de m\u00e1s;  y puro comp\u00e1s por rumbas en las remozadas \u2018Aviones plateados\u2019 (otra canci\u00f3n imprescindible) \u2018La sombra de una palmera\u2019 y la inesperada revisi\u00f3n de \u2018En el batir de los mares\u2019, otro de esos temas camuflados entre los surcos de discos que s\u00f3lo los que suelen estar muy atentos, es decir, escucharlos de pe a pa, apreciar\u00e1n en su justa medida. Valiente el gesto de cerrar el concierto justo como empez\u00f3, con el mismo decorado e id\u00e9ntico recogimiento, y eso que no hemos hablado de la impresionante versi\u00f3n s\u00f3lo a piano y voz de \u2018Disneylandia\u2019, el pa\u00eds al que quer\u00eda viajar a lomos de Los Burros cuando era casi un advenedizo en un terreno en el que ahora se mueve como pez en el agua. Ni de la nueva \u2018Insurrecci\u00f3n\u2019, cuya \u00fanica pega ser\u00eda la innecesaria intro con la voz del ubicuo Mar\u00edn, que poco o nada aporta a un tema sencillamente perfecto que no quiere ni debe dejar de cantar nunca. Como la ranchera final, un g\u00e9nero que tendr\u00eda en \u00e9l a un int\u00e9rprete m\u00e1s que digno y que hace que su garganta siga brillando despu\u00e9s de tantos a\u00f1os de combate. Y a los que sigan buscando el porqu\u00e9 de una l\u00edrica tan ornamental o de un minutaje tan extenso, un consejo: paren de hacerse preguntas y d\u00e9jense llevar\u2026 o mejor no, as\u00ed tendremos m\u00e1s espacio los que sabemos leer entre l\u00edneas. Una vez m\u00e1s, a sus pies, maestro. <\/p>\n<p><u><b>Set list:<\/u><\/b><br \/>\n1. Disneylandia<br \/>\n2. La sombra de una palmera<br \/>\n3. Aviones plateados<br \/>\n4. Los \u00e1ngeles no tienen h\u00e9lices<br \/>\n5. Un alma de papel<br \/>\n6. Malva<br \/>\n7. A veces se enciende<br \/>\n8. Para que no se duerman mis sentidos<br \/>\n9. Sabr\u00e1s que andar es un sencillo vaiv\u00e9n<br \/>\n10. Todos amamos desesperadamente<br \/>\n11. Compasi\u00f3n y silencio<br \/>\n12. Sin que sepas de m\u00ed<br \/>\n13. Sombra de la sombra de tu sombrero<br \/>\n14. Estoy alegre<br \/>\n15. Estamos ah\u00ed<br \/>\n16. Nunca el tiempo es perdido<br \/>\n17. Un giro teatral<br \/>\n18. Un a\u00f1o y otro a\u00f1o<br \/>\n19. Somos levedad<br \/>\n20. A San Fernando, un ratito a pie y otro caminando <\/p>\n<p>Bis 1:<br \/>\n21. Cabalgar la eternidad<br \/>\n22. Zapatero<br \/>\n23. Lo quiero todo<br \/>\n24. Prefiero el trapecio<br \/>\n25. Sobre el oscuro abismo en que te meces <\/p>\n<p>Bis 2:<br \/>\n26. Insurrecci\u00f3n<br \/>\n27. No est\u00e9s triste<br \/>\n28. P\u00e1jaros de barro<br \/>\n29. En el batir de los mares<br \/>\n30. Cuando yo quiera has de volver<\/p>\n<p>Fuente: Alquimia Sonora &#8211; <a href='http:\/\/www.alquimiasonora.com\/2012\/06\/manolo-garcia-teatro-de-la-axerquia.html' target=_new>ENLACE<\/a><\/p>\n","protected":false},"excerpt":{"rendered":"<p>\u00bfEl d\u00e9cimo, el und\u00e9cimo tal vez? Vale, dej\u00e9moslo en el en\u00e9simo\u2026 y los que nos queden. S\u00ed, cuando uno es fiel a un artista, a una trayectoria y a unas canciones que le han acompa\u00f1ado durante casi la mitad de su vida, ya ni cuenta los conciertos que ha tenido la oportunidad (y el gustazo)<a class=\"moretag\" href=\"https:\/\/www.manologarciaycia.com\/?p=3605\" title=\"MG: Cr\u00f3nica Teatro de la Axerqu\u00eda. C\u00f3rdoba, 22-06-12\" target=\"_self\" rel=\"follow\"> <font face=arial size=2>[Leer m\u00e1s]<\/font> <\/a><\/p>\n","protected":false},"author":2,"featured_media":0,"comment_status":"closed","ping_status":"closed","sticky":false,"template":"","format":"standard","meta":{"footnotes":""},"categories":[1],"tags":[],"class_list":["post-3605","post","type-post","status-publish","format-standard","hentry","category-manolo-garcia"],"_links":{"self":[{"href":"https:\/\/www.manologarciaycia.com\/index.php?rest_route=\/wp\/v2\/posts\/3605","targetHints":{"allow":["GET"]}}],"collection":[{"href":"https:\/\/www.manologarciaycia.com\/index.php?rest_route=\/wp\/v2\/posts"}],"about":[{"href":"https:\/\/www.manologarciaycia.com\/index.php?rest_route=\/wp\/v2\/types\/post"}],"author":[{"embeddable":true,"href":"https:\/\/www.manologarciaycia.com\/index.php?rest_route=\/wp\/v2\/users\/2"}],"replies":[{"embeddable":true,"href":"https:\/\/www.manologarciaycia.com\/index.php?rest_route=%2Fwp%2Fv2%2Fcomments&post=3605"}],"version-history":[{"count":1,"href":"https:\/\/www.manologarciaycia.com\/index.php?rest_route=\/wp\/v2\/posts\/3605\/revisions"}],"predecessor-version":[{"id":3606,"href":"https:\/\/www.manologarciaycia.com\/index.php?rest_route=\/wp\/v2\/posts\/3605\/revisions\/3606"}],"wp:attachment":[{"href":"https:\/\/www.manologarciaycia.com\/index.php?rest_route=%2Fwp%2Fv2%2Fmedia&parent=3605"}],"wp:term":[{"taxonomy":"category","embeddable":true,"href":"https:\/\/www.manologarciaycia.com\/index.php?rest_route=%2Fwp%2Fv2%2Fcategories&post=3605"},{"taxonomy":"post_tag","embeddable":true,"href":"https:\/\/www.manologarciaycia.com\/index.php?rest_route=%2Fwp%2Fv2%2Ftags&post=3605"}],"curies":[{"name":"wp","href":"https:\/\/api.w.org\/{rel}","templated":true}]}}