{"id":3598,"date":"2012-06-28T15:14:38","date_gmt":"2012-06-28T13:14:38","guid":{"rendered":"http:\/\/www.manologarciaycia.com\/?p=3598"},"modified":"2012-06-28T15:19:32","modified_gmt":"2012-06-28T13:19:32","slug":"mg-nadie-podra-decir-que-me-ha-visto-desganado","status":"publish","type":"post","link":"https:\/\/www.manologarciaycia.com\/?p=3598","title":{"rendered":"MG: \u00abNadie podr\u00e1 decir que me ha visto desganado\u00bb"},"content":{"rendered":"<p><img loading=\"lazy\" decoding=\"async\" alt=\"\" src=\"http:\/\/media.grupojoly.com\/imagen.php?imagen=\/\/0001139000\/0001139144.jpg&#038;an=580&#038;alt=440&#038;checkSize=1\" class=\"alignright\" width=\"335\" height=\"236\" \/> Treinta a\u00f1os en la m\u00fasica avalan la carrera de este m\u00fasico incombustible en los directos, el s\u00e1bado volver\u00e1 a demostrarlo en el Auditorio Roc\u00edo Jurado.<\/p>\n<p>Es un excelente conversador. Generoso en los recuerdos -de la mili, de los trabajos que odiaba-, c\u00e1lido cuando evoca a ese p\u00fablico que ha crecido a la par que su carrera y comprometido si a la p\u00e9rdida de derechos sociales deriva la charla. Manolo Garc\u00eda (Barcelona, 1955) lleva 30 a\u00f1os on the road, un buen pu\u00f1ado de ellos los pas\u00f3, como usted sabe, al frente de ese quej\u00edo a medio camino entre el pop y el rock que fue El \u00faltimo de la fila, un grupo inolvidable, como muchas de las letras que este catal\u00e1n con alma del sur ha escrito en un tiempo robado a la pintura, pasi\u00f3n que releg\u00f3 por la m\u00fasica. Regresa el s\u00e1bado a Sevilla, al Auditorio Roc\u00edo Jurado, con la gira de Los d\u00edas intactos, su quinto \u00e1lbum en solitario. Entre tanto, atiende al otro lado del tel\u00e9fono desde el estudio de \u00abun amigo, cerca de Figueras\u00bb. <\/p>\n<p><b>-\u00bfQu\u00e9 anda grabando?<\/b><\/p>\n<p>-Unos disparates nuevos. <\/p>\n<p><b>-\u00bfPara el nuevo disco? <\/b><\/p>\n<p>-Trabajo con parsimonia. Para el nuevo disco no signifca que vaya a salir dentro de dos meses. Siempre tengo ide\u00edllas que grabo y a lo mejor dentro de unos meses, las borro. La gente dice que tardo mucho en sacar disco, tengo mi m\u00e9todo: trabajo, compongo, produzco&#8230;. <\/p>\n<p><b>-Los a\u00f1os sab\u00e1ticos no existen. <\/b><\/p>\n<p>-Para m\u00ed la m\u00fasica es vitalidad, le da sentido a los d\u00edas. En lugar de estar haraganeando, prefiero coger la guitarra. Desde que despierto, tengo m\u00fasica. Muchos discos llevan acompa\u00f1\u00e1ndome desde los 17 a\u00f1os. <\/p>\n<p><b>-\u00bfCu\u00e1les son? <\/b><\/p>\n<p>-Hay muchos que escucho peri\u00f3dicamente, como Rumours, de Fleetwood Mac, The River, de Springsteen, el primero de Veneno, Sisa, que tiene Galeta Gal\u00e1ctica, un disparate, todo Led Zeppelin&#8230; Los Beatles los oigo menos, pero los Rolling, de los 80 y 90, mucho m\u00e1s. En los \u00faltimos a\u00f1os, he descubierto a Green Day, Wilco&#8230; <\/p>\n<p><\/p>\n<p><b>-\u00bfNo reescucha sus discos? <\/b><\/p>\n<p>-Cotidianamente, nunca. S\u00f3lo, a veces, cuando pasan los a\u00f1os, acudo a algunos temas y los meto en la gira, los refresco. M\u00e1s que por descubrir o por analizar a otros, escucho m\u00fasica por placer: Lapido, que lo conoc\u00eda de 091, Ivette Nadal, que canta en catal\u00e1n y le ped\u00ed que colaborara en Los d\u00edas intactos,Triana&#8230; <\/p>\n<p><b>-A Triana llegar\u00eda hace ya mucho. <\/b><\/p>\n<p>-Los descubr\u00ed con veintipocos, estando en la mili, en Gij\u00f3n. En una salida del cuartel, vi unos carteles y me las apa\u00f1\u00e9 para ir a verlos. Yo hac\u00eda de bibliotecario y era pintor en el cuartel, pintaba murales con los escudos de zapadores&#8230; Muchas veces, al encargado le dec\u00eda que ten\u00eda que ir a la tienda a por pintura y ya me escaqueaba media tarde. <\/p>\n<p><b>-Usted es poco de escaquearse. <\/b><\/p>\n<p>-En 30 a\u00f1os, s\u00f3lo ahora he tenido que parar una gira por temas de salud [dos semanas, por una operaci\u00f3n de apendicitis de la que est\u00e1 totalmente recuperado]. <\/p>\n<p><b>-La gira arranc\u00f3 en Roquetas de Mar, \u00bfqu\u00e9 le une a Andaluc\u00eda? <\/b><\/p>\n<p>-Es m\u00e1s una mezcla de sensaciones. Creo que en otra vida he sido un rom\u00e1ntico ingl\u00e9s del siglo XIX, de esos que idealizaban Andaluc\u00eda. Tengo idealizada Andaluc\u00eda. Mi patria es Catalu\u00f1a y de joven, vi esos primeros festivales de cal\u00e9-rock. Hubo un momento en el que surgi\u00f3 el rock mesetario, el rock layetano y el rock andaluz. Escucho a grupos en ingl\u00e9s y me gustan, pero cuando escucho a Triana, sus letras me llegan, cantan en mi lengua. <\/p>\n<p><b>-Trabaja como un orfebre las letras de sus canciones. \u00bfQu\u00e9 le inspira? <\/b><\/p>\n<p>-Hay una intenci\u00f3n de lirismo. No concibo cantar algo que para m\u00ed no sea importante. Igual lo que digo no cambia el mundo, pero a m\u00ed me arregla el d\u00eda, es mi filosof\u00eda de bolsillo. Escribo y realizo un ejercicio casi terap\u00e9utico. Para m\u00ed no hay otra manera de pasar los d\u00edas si no es pintando y componiendo. \u00c9sa es mi patria y mi patrimonio. <\/p>\n<p><b>-Suena a Los d\u00edas intactos. <\/b><\/p>\n<p>-Los d\u00edas son una oportunidad \u00fanica de ser feliz. La mayor\u00eda del tiempo, estamos en una borrachera estramb\u00f3tica donde los \u00e1rboles no dejan ver el bosque. <\/p>\n<p><b>-\u00bfA la borrachera de informaci\u00f3n econ\u00f3mica se refiere? <\/b><\/p>\n<p>-S\u00ed, hay una serie de factores externos que nos tienen abucharados, acojonados. Intento crear un muro de defensa frente a esa agresi\u00f3n del \u00e1nimo y la cultura es un oasis contra esta gran tormenta. Yo hasta los 30 a\u00f1os, quitando un estudio de dise\u00f1o gr\u00e1fico que s\u00ed me gustaba, he trabajado en cosas que, a priori, no eran lo m\u00edo. <\/p>\n<p><b>-\u00bfComo en qu\u00e9? <\/b><\/p>\n<p>-Pues en un almac\u00e9n, moviendo muebles de metal para oficinas. \u00a1Madre m\u00eda, eran monstruosos! He sido tambi\u00e9n repartidor de cajas en una empresa de transporte. Y lo odiaba. Ahora bien, todo lo he intendo hacer con dignidad. Intentaba superar esa fobia de ir a la-mierda-esta-de-trabajo-que-tengo. Y la cultura siempre hace la vida m\u00e1s llevadera. <\/p>\n<p><b>-Insurrecci\u00f3n es uno de sus cl\u00e1sicos. \u00bfContra qu\u00e9 nos debemos levantar? <\/b><\/p>\n<p>-Contra la injusticia de que paguen el pato los que no tienen culpa y los que la han provocado, se vayan de rositas. Es estramb\u00f3tico. M\u00e1s all\u00e1 de la cultura, es de locos que la educaci\u00f3n y la sanidad est\u00e9n llev\u00e1ndose estos palos. \u00a1Se\u00f1ores presidentes de comunidades y del Gobierno, sean mileuristas! No pueden mandar a morir a los dem\u00e1s sin estar ellos delante de la batalla, sin dar ejemplo. <\/p>\n<p><b>-\u00bfC\u00f3mo lleva que le pidan temas de su \u00e9poca en El \u00faltimo de la fila? <\/b><\/p>\n<p>-Del pasado no reniego jam\u00e1s. Yo puedo estar situado donde estoy, gracias a las diferentes piedras que he puesto en el camino. Desde que empec\u00e9 con el primer disco con Los R\u00e1pidos, he sido muy respetuoso con el p\u00fablico. Una persona podr\u00eda hacer cualquier cosa una noche y decide ir a tu concierto, eso es una resposabilidad grande. No s\u00e9 si est\u00e1 bien que lo diga, pero me he dejado la piel. Jam\u00e1s, nadie podr\u00e1 decir que me ha visto desganado, siempre salgo al escenario contento. <\/p>\n<p><b>-\u00bfY cu\u00e1l es la clave? <\/b><\/p>\n<p>-El amor a la m\u00fasica, que es sincera la idea. No empec\u00e9 en esto porque no sab\u00eda hacer otra cosa. Durante diez a\u00f1os, fui m\u00fasico de orquestas, de versiones y admiraba a los grandes de la \u00e9poca, hasta que un d\u00eda decid\u00ed intentarlo. Eso se llama pasi\u00f3n por la m\u00fasica y tes\u00f3n. Mucho trabajo.<\/p>\n<p>Fuente: Diario Sevilla &#8211; <a href='http:\/\/www.diariodesevilla.es\/article\/ocio\/1294473\/nadie\/podra\/decir\/me\/ha\/visto\/desganado.html' target=_new>ENLACE<\/a><\/p>\n","protected":false},"excerpt":{"rendered":"<p>Treinta a\u00f1os en la m\u00fasica avalan la carrera de este m\u00fasico incombustible en los directos, el s\u00e1bado volver\u00e1 a demostrarlo en el Auditorio Roc\u00edo Jurado. Es un excelente conversador. Generoso en los recuerdos -de la mili, de los trabajos que odiaba-, c\u00e1lido cuando evoca a ese p\u00fablico que ha crecido a la par que su<a class=\"moretag\" href=\"https:\/\/www.manologarciaycia.com\/?p=3598\" title=\"MG: \u00abNadie podr\u00e1 decir que me ha visto desganado\u00bb\" target=\"_self\" rel=\"follow\"> <font face=arial size=2>[Leer m\u00e1s]<\/font> <\/a><\/p>\n","protected":false},"author":2,"featured_media":0,"comment_status":"closed","ping_status":"closed","sticky":false,"template":"","format":"standard","meta":{"footnotes":""},"categories":[1],"tags":[],"class_list":["post-3598","post","type-post","status-publish","format-standard","hentry","category-manolo-garcia"],"_links":{"self":[{"href":"https:\/\/www.manologarciaycia.com\/index.php?rest_route=\/wp\/v2\/posts\/3598","targetHints":{"allow":["GET"]}}],"collection":[{"href":"https:\/\/www.manologarciaycia.com\/index.php?rest_route=\/wp\/v2\/posts"}],"about":[{"href":"https:\/\/www.manologarciaycia.com\/index.php?rest_route=\/wp\/v2\/types\/post"}],"author":[{"embeddable":true,"href":"https:\/\/www.manologarciaycia.com\/index.php?rest_route=\/wp\/v2\/users\/2"}],"replies":[{"embeddable":true,"href":"https:\/\/www.manologarciaycia.com\/index.php?rest_route=%2Fwp%2Fv2%2Fcomments&post=3598"}],"version-history":[{"count":2,"href":"https:\/\/www.manologarciaycia.com\/index.php?rest_route=\/wp\/v2\/posts\/3598\/revisions"}],"predecessor-version":[{"id":3600,"href":"https:\/\/www.manologarciaycia.com\/index.php?rest_route=\/wp\/v2\/posts\/3598\/revisions\/3600"}],"wp:attachment":[{"href":"https:\/\/www.manologarciaycia.com\/index.php?rest_route=%2Fwp%2Fv2%2Fmedia&parent=3598"}],"wp:term":[{"taxonomy":"category","embeddable":true,"href":"https:\/\/www.manologarciaycia.com\/index.php?rest_route=%2Fwp%2Fv2%2Fcategories&post=3598"},{"taxonomy":"post_tag","embeddable":true,"href":"https:\/\/www.manologarciaycia.com\/index.php?rest_route=%2Fwp%2Fv2%2Ftags&post=3598"}],"curies":[{"name":"wp","href":"https:\/\/api.w.org\/{rel}","templated":true}]}}