{"id":3596,"date":"2012-06-28T09:15:14","date_gmt":"2012-06-28T07:15:14","guid":{"rendered":"http:\/\/www.manologarciaycia.com\/?p=3596"},"modified":"2012-06-28T09:15:14","modified_gmt":"2012-06-28T07:15:14","slug":"mg-manolo-garcia-actua-manana-hoy-en-concierto-en-el-auditorio-de-la-alameda-de-la-capital","status":"publish","type":"post","link":"https:\/\/www.manologarciaycia.com\/?p=3596","title":{"rendered":"MG: Manolo Garc\u00eda act\u00faa ma\u00f1ana (hoy) en concierto en el Auditorio de La Alameda de la capital"},"content":{"rendered":"<p><img loading=\"lazy\" decoding=\"async\" alt=\"\" src=\"http:\/\/andaluciainformacion.es\/cms\/media\/articulos\/articulos-131556-460x220.8.jpg\" class=\"alignleft\" width=\"460\" height=\"220\" \/> El cantante Manolo Garc\u00eda retoma este jueves su cita pendiente con la capital. No es la primera vez que la visita, pero su \u00faltima cita tuvo que ser suspendida por su operaci\u00f3n de apendicitis.<\/p>\n<p>Este jueves, a las 22 horas, el Auditorio de La Alameda ser\u00e1 testigo de c\u00f3mo el cantante llenar\u00e1 con su m\u00fasica todos los rincones.<\/p>\n<p>Es caracter\u00edstico en \u00e9l entregarse, literalmente, a su p\u00fablico, recorriendo asientos y espacios ocupados por sus fans durante la actuaci\u00f3n, as\u00ed que el concierto de ma\u00f1ana se caracterizar\u00e1 por la buena m\u00fasica, sus letras y sus temas m\u00e1s recientes.<\/p>\n<p>Manolo Garc\u00eda ha regresado a la actualidad musical con un nuevo trabajo discogr\u00e1fico, concretamente el quinto en su carrera en solitario: \u2018Los d\u00edas intactos\u2019.<\/p>\n<p>El cantautor, que lleva toda la vida sobre los escenarios, es consciente de que este trabajo ha llegado a lo m\u00e1s alto de las listas de ventas, habiendo llegado a las tiendas el pasado 25 de octubre.<\/p>\n<p>Ya ha conseguido dos discos platinos.   \u2018Los d\u00edas intactos\u2019 aparece dos a\u00f1os despu\u00e9s del final de la gira de su anterior disco &#8216;Saldremos a la lluvia&#8217; y m\u00e1s de diez a\u00f1os desde que decidi\u00f3 poner el punto y final a \u2018El \u00daltimo de la Fila\u2019.<\/p>\n<p>Fuente: Andaluc\u00eda Informaci\u00f3n &#8211; <a href='http:\/\/andaluciainformacion.es\/jaen\/234033\/manolo-garcia-actua-manana-en-concierto-en-el-auditorio-de-la-alameda-de-la-capital\/' target=_new>ENLACE<\/a><\/p>\n","protected":false},"excerpt":{"rendered":"<p>El cantante Manolo Garc\u00eda retoma este jueves su cita pendiente con la capital. No es la primera vez que la visita, pero su \u00faltima cita tuvo que ser suspendida por su operaci\u00f3n de apendicitis. Este jueves, a las 22 horas, el Auditorio de La Alameda ser\u00e1 testigo de c\u00f3mo el cantante llenar\u00e1 con su m\u00fasica<a class=\"moretag\" href=\"https:\/\/www.manologarciaycia.com\/?p=3596\" title=\"MG: Manolo Garc\u00eda act\u00faa ma\u00f1ana (hoy) en concierto en el Auditorio de La Alameda de la capital\" target=\"_self\" rel=\"follow\"> <font face=arial size=2>[Leer m\u00e1s]<\/font> <\/a><\/p>\n","protected":false},"author":2,"featured_media":0,"comment_status":"closed","ping_status":"closed","sticky":false,"template":"","format":"standard","meta":{"footnotes":""},"categories":[1],"tags":[],"class_list":["post-3596","post","type-post","status-publish","format-standard","hentry","category-manolo-garcia"],"_links":{"self":[{"href":"https:\/\/www.manologarciaycia.com\/index.php?rest_route=\/wp\/v2\/posts\/3596","targetHints":{"allow":["GET"]}}],"collection":[{"href":"https:\/\/www.manologarciaycia.com\/index.php?rest_route=\/wp\/v2\/posts"}],"about":[{"href":"https:\/\/www.manologarciaycia.com\/index.php?rest_route=\/wp\/v2\/types\/post"}],"author":[{"embeddable":true,"href":"https:\/\/www.manologarciaycia.com\/index.php?rest_route=\/wp\/v2\/users\/2"}],"replies":[{"embeddable":true,"href":"https:\/\/www.manologarciaycia.com\/index.php?rest_route=%2Fwp%2Fv2%2Fcomments&post=3596"}],"version-history":[{"count":1,"href":"https:\/\/www.manologarciaycia.com\/index.php?rest_route=\/wp\/v2\/posts\/3596\/revisions"}],"predecessor-version":[{"id":3597,"href":"https:\/\/www.manologarciaycia.com\/index.php?rest_route=\/wp\/v2\/posts\/3596\/revisions\/3597"}],"wp:attachment":[{"href":"https:\/\/www.manologarciaycia.com\/index.php?rest_route=%2Fwp%2Fv2%2Fmedia&parent=3596"}],"wp:term":[{"taxonomy":"category","embeddable":true,"href":"https:\/\/www.manologarciaycia.com\/index.php?rest_route=%2Fwp%2Fv2%2Fcategories&post=3596"},{"taxonomy":"post_tag","embeddable":true,"href":"https:\/\/www.manologarciaycia.com\/index.php?rest_route=%2Fwp%2Fv2%2Ftags&post=3596"}],"curies":[{"name":"wp","href":"https:\/\/api.w.org\/{rel}","templated":true}]}}