{"id":3594,"date":"2012-06-28T09:09:47","date_gmt":"2012-06-28T07:09:47","guid":{"rendered":"http:\/\/www.manologarciaycia.com\/?p=3594"},"modified":"2012-06-28T09:09:47","modified_gmt":"2012-06-28T07:09:47","slug":"mg-manolo-garcia-presenta-su-ultimo-disco-en-jaen","status":"publish","type":"post","link":"https:\/\/www.manologarciaycia.com\/?p=3594","title":{"rendered":"MG: Manolo Garc\u00eda presenta su \u00faltimo disco en Ja\u00e9n"},"content":{"rendered":"<p>El cantautor Manolo Garc\u00eda presenta este jueves su \u00faltimo trabajo, &#8216;Los d\u00edas intactos&#8217;, en el Auditorio La Alameda de la capital jiennense, despu\u00e9s de ser aplazado el concierto previsto para el 2 de junio, habida cuenta de la intervenci\u00f3n de urgencia por apendicitis a la que fue sometido el artista, seg\u00fan ha informaba en una nota el gabinete de prensa del artista.<\/p>\n<p>As\u00ed, el gabinete indicaba que las entradas ya adquiridas para la fecha inicial seguir\u00e1n siendo completamente v\u00e1lidas, si bien la venta se reemprendi\u00f3 por los canales de Ticketmaster y Servicaixa, tal y como estaban. As\u00ed pues, tanto las entradas en las que figure d\u00eda 2 de junio como las nuevas ser\u00e1n perfectamente v\u00e1lidas para asistir al concierto.<\/p>\n<p>Este concierto forma parte de la gira de teatros y auditorios de su nuevo \u00e1lbum &#8216;Los d\u00edas intactos&#8217;, que ha permanecido tres semanas consecutivas en el n\u00famero uno de la lista de los m\u00e1s vendidos en Espa\u00f1a y roza ya el Triple Disco de Platino.<\/p>\n<p>Adem\u00e1s, en estos primeros conciertos han destacado los seis d\u00edas de abril en el Palacio Municipal de Congresos del Campo de las Naciones de Madrid y los seis de mayo en Barcelona, con las entradas agotadas con meses de antelaci\u00f3n.<\/p>\n<p>Debido a su operaci\u00f3n de apendicitis, la gira de Garc\u00eda fue suspendida por un mes, por lo que los conciertos previstos en esas semanas han tenido que ser recolocados en nuevas fechas.<\/p>\n<p>Fuente: Ideal &#8211; <a href='http:\/\/www.ideal.es\/jaen\/20120627\/mas-actualidad\/cultura\/manolo-garcia-presenta-ultimo-201206271900.html' targeT=_new>ENLACE<\/a><\/p>\n","protected":false},"excerpt":{"rendered":"<p>El cantautor Manolo Garc\u00eda presenta este jueves su \u00faltimo trabajo, &#8216;Los d\u00edas intactos&#8217;, en el Auditorio La Alameda de la capital jiennense, despu\u00e9s de ser aplazado el concierto previsto para el 2 de junio, habida cuenta de la intervenci\u00f3n de urgencia por apendicitis a la que fue sometido el artista, seg\u00fan ha informaba en una<a class=\"moretag\" href=\"https:\/\/www.manologarciaycia.com\/?p=3594\" title=\"MG: Manolo Garc\u00eda presenta su \u00faltimo disco en Ja\u00e9n\" target=\"_self\" rel=\"follow\"> <font face=arial size=2>[Leer m\u00e1s]<\/font> <\/a><\/p>\n","protected":false},"author":2,"featured_media":0,"comment_status":"closed","ping_status":"closed","sticky":false,"template":"","format":"standard","meta":{"footnotes":""},"categories":[1],"tags":[],"class_list":["post-3594","post","type-post","status-publish","format-standard","hentry","category-manolo-garcia"],"_links":{"self":[{"href":"https:\/\/www.manologarciaycia.com\/index.php?rest_route=\/wp\/v2\/posts\/3594","targetHints":{"allow":["GET"]}}],"collection":[{"href":"https:\/\/www.manologarciaycia.com\/index.php?rest_route=\/wp\/v2\/posts"}],"about":[{"href":"https:\/\/www.manologarciaycia.com\/index.php?rest_route=\/wp\/v2\/types\/post"}],"author":[{"embeddable":true,"href":"https:\/\/www.manologarciaycia.com\/index.php?rest_route=\/wp\/v2\/users\/2"}],"replies":[{"embeddable":true,"href":"https:\/\/www.manologarciaycia.com\/index.php?rest_route=%2Fwp%2Fv2%2Fcomments&post=3594"}],"version-history":[{"count":1,"href":"https:\/\/www.manologarciaycia.com\/index.php?rest_route=\/wp\/v2\/posts\/3594\/revisions"}],"predecessor-version":[{"id":3595,"href":"https:\/\/www.manologarciaycia.com\/index.php?rest_route=\/wp\/v2\/posts\/3594\/revisions\/3595"}],"wp:attachment":[{"href":"https:\/\/www.manologarciaycia.com\/index.php?rest_route=%2Fwp%2Fv2%2Fmedia&parent=3594"}],"wp:term":[{"taxonomy":"category","embeddable":true,"href":"https:\/\/www.manologarciaycia.com\/index.php?rest_route=%2Fwp%2Fv2%2Fcategories&post=3594"},{"taxonomy":"post_tag","embeddable":true,"href":"https:\/\/www.manologarciaycia.com\/index.php?rest_route=%2Fwp%2Fv2%2Ftags&post=3594"}],"curies":[{"name":"wp","href":"https:\/\/api.w.org\/{rel}","templated":true}]}}