{"id":3590,"date":"2012-06-27T09:05:26","date_gmt":"2012-06-27T07:05:26","guid":{"rendered":"http:\/\/www.manologarciaycia.com\/?p=3590"},"modified":"2012-06-27T09:05:49","modified_gmt":"2012-06-27T07:05:49","slug":"mg-no-pretendo-estar-arengando-pero-si-tengo-una-idea-no-la-oculto","status":"publish","type":"post","link":"https:\/\/www.manologarciaycia.com\/?p=3590","title":{"rendered":"MG: \u00abNo pretendo estar arengando, pero si tengo una idea, no la oculto\u00bb"},"content":{"rendered":"<p>Manolo Garc\u00eda en el Ideal de Ja\u00e9n (25\/6\/2012) Extracto: \u00abNo pretendo estar arengando, pero si tengo una idea, no la oculto\u00bb. Lleg\u00f3 la fecha esperada. <\/p>\n<p>Despu\u00e9s de la suspensi\u00f3n de la cita del pasado 2 de junio, Manolo Garc\u00eda estar\u00e1 el pr\u00f3ximo jueves, 28 de junio, en el Auditorio Municipal de \u2018La Alameda\u2019, dentro de la gira de su \u00faltimo trabajo, \u2018Los d\u00edas intactos\u2019. Salut!<\/p>\n","protected":false},"excerpt":{"rendered":"<p>Manolo Garc\u00eda en el Ideal de Ja\u00e9n (25\/6\/2012) Extracto: \u00abNo pretendo estar arengando, pero si tengo una idea, no la oculto\u00bb. Lleg\u00f3 la fecha esperada. Despu\u00e9s de la suspensi\u00f3n de la cita del pasado 2 de junio, Manolo Garc\u00eda estar\u00e1 el pr\u00f3ximo jueves, 28 de junio, en el Auditorio Municipal de \u2018La Alameda\u2019, dentro de<a class=\"moretag\" href=\"https:\/\/www.manologarciaycia.com\/?p=3590\" title=\"MG: \u00abNo pretendo estar arengando, pero si tengo una idea, no la oculto\u00bb\" target=\"_self\" rel=\"follow\"> <font face=arial size=2>[Leer m\u00e1s]<\/font> <\/a><\/p>\n","protected":false},"author":2,"featured_media":0,"comment_status":"closed","ping_status":"closed","sticky":false,"template":"","format":"standard","meta":{"footnotes":""},"categories":[1],"tags":[],"class_list":["post-3590","post","type-post","status-publish","format-standard","hentry","category-manolo-garcia"],"_links":{"self":[{"href":"https:\/\/www.manologarciaycia.com\/index.php?rest_route=\/wp\/v2\/posts\/3590","targetHints":{"allow":["GET"]}}],"collection":[{"href":"https:\/\/www.manologarciaycia.com\/index.php?rest_route=\/wp\/v2\/posts"}],"about":[{"href":"https:\/\/www.manologarciaycia.com\/index.php?rest_route=\/wp\/v2\/types\/post"}],"author":[{"embeddable":true,"href":"https:\/\/www.manologarciaycia.com\/index.php?rest_route=\/wp\/v2\/users\/2"}],"replies":[{"embeddable":true,"href":"https:\/\/www.manologarciaycia.com\/index.php?rest_route=%2Fwp%2Fv2%2Fcomments&post=3590"}],"version-history":[{"count":2,"href":"https:\/\/www.manologarciaycia.com\/index.php?rest_route=\/wp\/v2\/posts\/3590\/revisions"}],"predecessor-version":[{"id":3592,"href":"https:\/\/www.manologarciaycia.com\/index.php?rest_route=\/wp\/v2\/posts\/3590\/revisions\/3592"}],"wp:attachment":[{"href":"https:\/\/www.manologarciaycia.com\/index.php?rest_route=%2Fwp%2Fv2%2Fmedia&parent=3590"}],"wp:term":[{"taxonomy":"category","embeddable":true,"href":"https:\/\/www.manologarciaycia.com\/index.php?rest_route=%2Fwp%2Fv2%2Fcategories&post=3590"},{"taxonomy":"post_tag","embeddable":true,"href":"https:\/\/www.manologarciaycia.com\/index.php?rest_route=%2Fwp%2Fv2%2Ftags&post=3590"}],"curies":[{"name":"wp","href":"https:\/\/api.w.org\/{rel}","templated":true}]}}