{"id":3588,"date":"2012-06-26T21:10:06","date_gmt":"2012-06-26T19:10:06","guid":{"rendered":"http:\/\/www.manologarciaycia.com\/?p=3588"},"modified":"2012-06-26T21:10:06","modified_gmt":"2012-06-26T19:10:06","slug":"mg-para-mi-sigue-siendo-muy-emocionante-y-necesario-actuar","status":"publish","type":"post","link":"https:\/\/www.manologarciaycia.com\/?p=3588","title":{"rendered":"MG: &#8216;Para m\u00ed sigue siendo muy emocionante y necesario actuar&#8217;"},"content":{"rendered":"<p><img loading=\"lazy\" decoding=\"async\" alt=\"\" src=\"http:\/\/www.diariojaen.es\/images\/stories\/diariojaen\/cultura\/120626rev2.jpg\" class=\"alignright\" width=\"290\" height=\"173\" \/> Respeto por el p\u00fablico, amor a la profesi\u00f3n y una absoluta pasi\u00f3n son las claves de una carrera en la que ha firmado diecisiete discos. Manolo Garc\u00eda llega este jueves a Ja\u00e9n, totalmente recuperado de su operaci\u00f3n, para compartir unas horas con su p\u00fablico, el &#8216;ox\u00edgeno&#8217; de un m\u00fasico. Los d\u00edas intactos, su \u00faltimo disco, hunde sus ra\u00edces en el pop y el rock por la b\u00fasqueda del mestizaje, algo que ya hizo en Brasil y Grecia, en sus anteriores trabajos.<\/p>\n<p>Ahora, lo ha hecho en Estados Unidos, con m\u00fasicos de la talla de Waddy Watchel, los bajistas Leland Sklar y Bob Glaub y el bater\u00eda Kenny Aronoff. \u201cEl pop y el rock siempre han sido el nutriente principal de mi m\u00fasica, pero buscando una identidad o un g\u00e9nero propio he intentado hacer mestizaje. Estos m\u00fasicos aportan su pulso, yo les marqu\u00e9 el camino y ellos le dan autenticidad por venir de la cuna del rock y el pop, eso impregna la canci\u00f3n\u201d, explica Manolo Garc\u00eda, unas horas antes de que llegue a Ja\u00e9n para presentar en concierto, en el Auditorio de La Alameda, este \u00faltimo trabajo, un disco que le satisface, algo esencial para el m\u00fasico. \u201cSi yo tengo la idea clara de que el disco est\u00e1 bien, quiz\u00e1 pueda convencer a otros\u201d, asegura.<br \/>\nLos d\u00edas intactos son catorce nuevas canciones, catorce nuevas historias. Y es que, alguna vez, Manolo Garc\u00eda ha dicho que la historia es lo que importa. \u201cPara m\u00ed una canci\u00f3n tiene que emocionar, tiene que animar a pensar, despertarte la a\u00f1oranza, tristeza o alegr\u00eda, lo que no puede es dejarte indiferente. Las canciones tienen que contar historias, lo que no significa que te las den masticadas, pueden ser como las m\u00edas, un poco surrealistas, con m\u00e1s recovecos, dejando a la imaginaci\u00f3n del oyente la resoluci\u00f3n de la historia. Esa es mi intenci\u00f3n\u201d, detalla. \u201cCuando escribo o pinto, me abstraigo y soy feliz. Ah\u00ed ni Zapatero, ni Rajoy, ni la banca, ni Merkel, me afectan. Durante unas horas no enloquezco, no tengo miedo. En ese momento, soy due\u00f1o de mi tiempo y completamente libre\u201d, asegura. <\/p>\n<p>Fuente: Diario Jaen &#8211; <a href='http:\/\/www.diariojaen.es\/index.php\/menucultura\/71-notculturales\/53823-manolo-garcia-para-mi-sigue-siendo-muy-emocionante-y-necesario-actuar' target=_new>ENLACE<\/a><\/p>\n","protected":false},"excerpt":{"rendered":"<p>Respeto por el p\u00fablico, amor a la profesi\u00f3n y una absoluta pasi\u00f3n son las claves de una carrera en la que ha firmado diecisiete discos. Manolo Garc\u00eda llega este jueves a Ja\u00e9n, totalmente recuperado de su operaci\u00f3n, para compartir unas horas con su p\u00fablico, el &#8216;ox\u00edgeno&#8217; de un m\u00fasico. Los d\u00edas intactos, su \u00faltimo disco,<a class=\"moretag\" href=\"https:\/\/www.manologarciaycia.com\/?p=3588\" title=\"MG: &#8216;Para m\u00ed sigue siendo muy emocionante y necesario actuar&#8217;\" target=\"_self\" rel=\"follow\"> <font face=arial size=2>[Leer m\u00e1s]<\/font> <\/a><\/p>\n","protected":false},"author":2,"featured_media":0,"comment_status":"closed","ping_status":"closed","sticky":false,"template":"","format":"standard","meta":{"footnotes":""},"categories":[1],"tags":[],"class_list":["post-3588","post","type-post","status-publish","format-standard","hentry","category-manolo-garcia"],"_links":{"self":[{"href":"https:\/\/www.manologarciaycia.com\/index.php?rest_route=\/wp\/v2\/posts\/3588","targetHints":{"allow":["GET"]}}],"collection":[{"href":"https:\/\/www.manologarciaycia.com\/index.php?rest_route=\/wp\/v2\/posts"}],"about":[{"href":"https:\/\/www.manologarciaycia.com\/index.php?rest_route=\/wp\/v2\/types\/post"}],"author":[{"embeddable":true,"href":"https:\/\/www.manologarciaycia.com\/index.php?rest_route=\/wp\/v2\/users\/2"}],"replies":[{"embeddable":true,"href":"https:\/\/www.manologarciaycia.com\/index.php?rest_route=%2Fwp%2Fv2%2Fcomments&post=3588"}],"version-history":[{"count":1,"href":"https:\/\/www.manologarciaycia.com\/index.php?rest_route=\/wp\/v2\/posts\/3588\/revisions"}],"predecessor-version":[{"id":3589,"href":"https:\/\/www.manologarciaycia.com\/index.php?rest_route=\/wp\/v2\/posts\/3588\/revisions\/3589"}],"wp:attachment":[{"href":"https:\/\/www.manologarciaycia.com\/index.php?rest_route=%2Fwp%2Fv2%2Fmedia&parent=3588"}],"wp:term":[{"taxonomy":"category","embeddable":true,"href":"https:\/\/www.manologarciaycia.com\/index.php?rest_route=%2Fwp%2Fv2%2Fcategories&post=3588"},{"taxonomy":"post_tag","embeddable":true,"href":"https:\/\/www.manologarciaycia.com\/index.php?rest_route=%2Fwp%2Fv2%2Ftags&post=3588"}],"curies":[{"name":"wp","href":"https:\/\/api.w.org\/{rel}","templated":true}]}}