{"id":3577,"date":"2012-06-23T07:29:25","date_gmt":"2012-06-23T05:29:25","guid":{"rendered":"http:\/\/www.manologarciaycia.com\/?p=3577"},"modified":"2012-06-23T07:29:37","modified_gmt":"2012-06-23T05:29:37","slug":"mg-manolo-garcia-despierta-pasiones-en-la-axerquia","status":"publish","type":"post","link":"https:\/\/www.manologarciaycia.com\/?p=3577","title":{"rendered":"MG: Manolo Garc\u00eda despierta pasiones en la Axerqu\u00eda"},"content":{"rendered":"<p><center><img loading=\"lazy\" decoding=\"async\" src=\"http:\/\/www.manologarciaycia.com\/wp-content\/uploads\/2012\/06\/Manolo_Cordoba.jpg\" alt=\"\" title=\"Manolo_Cordoba\" width=\"599\" height=\"390\" class=\"aligncenter size-full wp-image-3578\" srcset=\"https:\/\/www.manologarciaycia.com\/wp-content\/uploads\/2012\/06\/Manolo_Cordoba.jpg 599w, https:\/\/www.manologarciaycia.com\/wp-content\/uploads\/2012\/06\/Manolo_Cordoba-300x195.jpg 300w\" sizes=\"auto, (max-width: 599px) 100vw, 599px\" \/><\/center><br \/>\nEl m\u00fasico Manolo Garc\u00eda regres\u00f3 anoche al Teatro de la Axerqu\u00eda, donde actu\u00f3 ante miles de cordobeses, que llenaron el recinto en un concierto en el que se vendieron todas las entradas. Durante su actuaci\u00f3n, enmarcada en la gira &#8216;Los d\u00edas intactos&#8217;, present\u00f3 su nuevo \u00e1lbum con una gran puesta en escena y una extensa banda compuesta por siete m\u00fasicos, que le arrop\u00f3 en el escenario. En el show, que tambi\u00e9n incluy\u00f3 t\u00edtulos de sus etapas en El Ultimo de la Fila y Los R\u00e1pidos, el cantante fue muy c\u00f3mplice con el p\u00fablico.<\/p>\n","protected":false},"excerpt":{"rendered":"<p>El m\u00fasico Manolo Garc\u00eda regres\u00f3 anoche al Teatro de la Axerqu\u00eda, donde actu\u00f3 ante miles de cordobeses, que llenaron el recinto en un concierto en el que se vendieron todas las entradas. Durante su actuaci\u00f3n, enmarcada en la gira &#8216;Los d\u00edas intactos&#8217;, present\u00f3 su nuevo \u00e1lbum con una gran puesta en escena y una extensa<a class=\"moretag\" href=\"https:\/\/www.manologarciaycia.com\/?p=3577\" title=\"MG: Manolo Garc\u00eda despierta pasiones en la Axerqu\u00eda\" target=\"_self\" rel=\"follow\"> <font face=arial size=2>[Leer m\u00e1s]<\/font> <\/a><\/p>\n","protected":false},"author":2,"featured_media":0,"comment_status":"closed","ping_status":"closed","sticky":false,"template":"","format":"standard","meta":{"footnotes":""},"categories":[1],"tags":[],"class_list":["post-3577","post","type-post","status-publish","format-standard","hentry","category-manolo-garcia"],"_links":{"self":[{"href":"https:\/\/www.manologarciaycia.com\/index.php?rest_route=\/wp\/v2\/posts\/3577","targetHints":{"allow":["GET"]}}],"collection":[{"href":"https:\/\/www.manologarciaycia.com\/index.php?rest_route=\/wp\/v2\/posts"}],"about":[{"href":"https:\/\/www.manologarciaycia.com\/index.php?rest_route=\/wp\/v2\/types\/post"}],"author":[{"embeddable":true,"href":"https:\/\/www.manologarciaycia.com\/index.php?rest_route=\/wp\/v2\/users\/2"}],"replies":[{"embeddable":true,"href":"https:\/\/www.manologarciaycia.com\/index.php?rest_route=%2Fwp%2Fv2%2Fcomments&post=3577"}],"version-history":[{"count":2,"href":"https:\/\/www.manologarciaycia.com\/index.php?rest_route=\/wp\/v2\/posts\/3577\/revisions"}],"predecessor-version":[{"id":3580,"href":"https:\/\/www.manologarciaycia.com\/index.php?rest_route=\/wp\/v2\/posts\/3577\/revisions\/3580"}],"wp:attachment":[{"href":"https:\/\/www.manologarciaycia.com\/index.php?rest_route=%2Fwp%2Fv2%2Fmedia&parent=3577"}],"wp:term":[{"taxonomy":"category","embeddable":true,"href":"https:\/\/www.manologarciaycia.com\/index.php?rest_route=%2Fwp%2Fv2%2Fcategories&post=3577"},{"taxonomy":"post_tag","embeddable":true,"href":"https:\/\/www.manologarciaycia.com\/index.php?rest_route=%2Fwp%2Fv2%2Ftags&post=3577"}],"curies":[{"name":"wp","href":"https:\/\/api.w.org\/{rel}","templated":true}]}}