{"id":3570,"date":"2012-06-22T14:05:32","date_gmt":"2012-06-22T12:05:32","guid":{"rendered":"http:\/\/www.manologarciaycia.com\/?p=3570"},"modified":"2012-06-22T14:05:32","modified_gmt":"2012-06-22T12:05:32","slug":"mg-manolo-garcia-filmara-su-concierto-en-cordoba-para-hacer-una-pelicula","status":"publish","type":"post","link":"https:\/\/www.manologarciaycia.com\/?p=3570","title":{"rendered":"MG: Manolo Garc\u00eda filmar\u00e1 su concierto en C\u00f3rdoba para hacer una pel\u00edcula"},"content":{"rendered":"<p>El Teatro de la Axerqu\u00eda acoger\u00e1 hoy el concierto de Manolo Garc\u00eda para promocionar su \u00faltimo disco \u00abLos d\u00edas intactos\u00bb, el primero de la gira que ser\u00e1 grabado en im\u00e1genes y sonido debido a \u00abla respuesta de venta de entradas\u00bb y porque \u00abel concierto de C\u00f3rdoba va a molar\u00bb.<\/p>\n<p>En una entrevista telef\u00f3nica con Efe, el cantante ha manifestado que espera \u00abuna noche buena\u00bb, ya que quiere filmar el concierto, para lo que contar\u00e1 con siete c\u00e1maras, para \u00abluego montarlo en plan pel\u00edcula, tenerlo como documento y sacarlo m\u00e1s adelante como una rareza\u00bb.<\/p>\n<p>Manolo Garc\u00eda ha se\u00f1alado que de los 60 conciertos de cada gira suele grabar \u00abuno o dos\u00bb, de tal forma que en 2008 film\u00f3 el de Barcelona en el F\u00f3rum \u00abque fue espectacular con unas 20.000 personas\u00bb, por lo que este a\u00f1o ha pensado en el de C\u00f3rdoba y otro \u00abpor el norte\u00bb de Espa\u00f1a.<\/p>\n<p>Respecto a las canciones que conforman el \u00e1lbum \u00abLos d\u00edas intactos\u00bb ha explicado que tratan de explicar que \u00abhay moldear las situaciones a tu manera\u00bb teniendo en cuenta \u00ablo que es el teatro de la vida\u00bb, es decir, \u00abdejarte llevar por las emociones y la intuici\u00f3n\u00bb.<\/p>\n<p>\u00abNo hay que trabajar tanto con la cabeza, porque en nuestra sociedad est\u00e1 todo reglamentado, parece que somos m\u00e1quinas. Tener un alma de papel tambi\u00e9n es plantarle cara a la situaci\u00f3n que en el fondo no es imposible, ya que con menos dinero se puede vivir. Mi alma de papel es que me creo la mitad de las historias que cuentan los pol\u00edticos\u00bb, ha argumentado.<\/p>\n<p>Adem\u00e1s, Garc\u00eda ha considerado que la sociedad actual \u00abha preconizado la idea de pedir m\u00e1s\u00bb, por lo que el tema \u00abLo que me diste cuando nada ped\u00ed\u00bb trata sobre \u00abla camarader\u00eda\u00bb y que \u00abcuando m\u00e1s se tiene m\u00e1s rata se vuelve la gente\u00bb.<\/p>\n<p>\u00abAs\u00ed ha sido en el tiempo de vacas gordas. En estos momentos siempre hay un familiar, incluso lejano, o un amigo, que te da una ventana de aire y luz. La explosi\u00f3n del ladrillo era previsible y est\u00e1 pasando. En los momentos l\u00edmite es cuando se ve a la buena gente, la calidad humana es la que aflora\u00bb, ha apostillado el cantante.<\/p>\n<p>De esta manera, ha considerado que \u00abla soluci\u00f3n de todo es la equidad, el reparto\u00bb, ya que \u00absi hay una elite muy arriba, habr\u00e1 problemas\u00bb, por lo que \u00abla gran mayor\u00eda tiene que vivir dignamente y as\u00ed se solucionar\u00edan problemas\u00bb.<\/p>\n<p>El cantante ha confesado que conforme a su ideal de vida intenta \u00abpisar en terreno firme y las sombras\u00bb no le interesan, ya que prefiere \u00ablas cosas palpables\u00bb, algo a que lo que hace referencia en su segundo sencillo del disco \u00abSombra de la sombra de tu sombrero\u00bb.<\/p>\n<p>Respecto a su doble faceta de pintor y compositor, Manolo Garc\u00eda ha comentado que ambas \u00abse complementan\u00bb, ya que en sus cuadros \u00abhay una carga social, sobre todo al titularlos\u00bb, lo que supone una parte de sentimiento que no puede \u00abmeter en los acordes\u00bb.<\/p>\n<p>\u00abNo me veo haciendo una canci\u00f3n con letras de los cuadros que llam\u00e9 &#8216;Rescates Estatales&#8217; y &#8216;Por qu\u00e9 no se revelan los pastores&#8217;. Digamos que es la parte que no canto, cierto activismo social. Dejar el mundo en manos de los pol\u00edticos se est\u00e1 viendo que es disparatado. La mayor\u00eda somos gente decentes, trabajamos y pagamos impuestos, por lo que tenemos derecho a opinar\u00bb, ha asegurado.<\/p>\n<p>Fuente: Ideal &#8211; <a href='http:\/\/www.ideal.es\/agencias\/20120622\/mas-actualidad\/cultura\/manolo-garcia-filmara-concierto-cordoba_201206221253.html' target=_new>ENLACE<\/a><\/p>\n","protected":false},"excerpt":{"rendered":"<p>El Teatro de la Axerqu\u00eda acoger\u00e1 hoy el concierto de Manolo Garc\u00eda para promocionar su \u00faltimo disco \u00abLos d\u00edas intactos\u00bb, el primero de la gira que ser\u00e1 grabado en im\u00e1genes y sonido debido a \u00abla respuesta de venta de entradas\u00bb y porque \u00abel concierto de C\u00f3rdoba va a molar\u00bb. En una entrevista telef\u00f3nica con Efe,<a class=\"moretag\" href=\"https:\/\/www.manologarciaycia.com\/?p=3570\" title=\"MG: Manolo Garc\u00eda filmar\u00e1 su concierto en C\u00f3rdoba para hacer una pel\u00edcula\" target=\"_self\" rel=\"follow\"> <font face=arial size=2>[Leer m\u00e1s]<\/font> <\/a><\/p>\n","protected":false},"author":2,"featured_media":0,"comment_status":"closed","ping_status":"closed","sticky":false,"template":"","format":"standard","meta":{"footnotes":""},"categories":[1],"tags":[],"class_list":["post-3570","post","type-post","status-publish","format-standard","hentry","category-manolo-garcia"],"_links":{"self":[{"href":"https:\/\/www.manologarciaycia.com\/index.php?rest_route=\/wp\/v2\/posts\/3570","targetHints":{"allow":["GET"]}}],"collection":[{"href":"https:\/\/www.manologarciaycia.com\/index.php?rest_route=\/wp\/v2\/posts"}],"about":[{"href":"https:\/\/www.manologarciaycia.com\/index.php?rest_route=\/wp\/v2\/types\/post"}],"author":[{"embeddable":true,"href":"https:\/\/www.manologarciaycia.com\/index.php?rest_route=\/wp\/v2\/users\/2"}],"replies":[{"embeddable":true,"href":"https:\/\/www.manologarciaycia.com\/index.php?rest_route=%2Fwp%2Fv2%2Fcomments&post=3570"}],"version-history":[{"count":1,"href":"https:\/\/www.manologarciaycia.com\/index.php?rest_route=\/wp\/v2\/posts\/3570\/revisions"}],"predecessor-version":[{"id":3571,"href":"https:\/\/www.manologarciaycia.com\/index.php?rest_route=\/wp\/v2\/posts\/3570\/revisions\/3571"}],"wp:attachment":[{"href":"https:\/\/www.manologarciaycia.com\/index.php?rest_route=%2Fwp%2Fv2%2Fmedia&parent=3570"}],"wp:term":[{"taxonomy":"category","embeddable":true,"href":"https:\/\/www.manologarciaycia.com\/index.php?rest_route=%2Fwp%2Fv2%2Fcategories&post=3570"},{"taxonomy":"post_tag","embeddable":true,"href":"https:\/\/www.manologarciaycia.com\/index.php?rest_route=%2Fwp%2Fv2%2Ftags&post=3570"}],"curies":[{"name":"wp","href":"https:\/\/api.w.org\/{rel}","templated":true}]}}